{"id":1069,"date":"2017-03-10T00:24:49","date_gmt":"2017-03-09T22:24:49","guid":{"rendered":"https:\/\/www.malmivaalit.fi\/kuntavaalit2017\/mariitta-pulkkinen\/"},"modified":"2017-03-14T21:55:30","modified_gmt":"2017-03-14T19:55:30","slug":"mariitta-pulkkinen","status":"publish","type":"post","link":"https:\/\/www.malmivaalit.fi\/kuntavaalit2017\/mariitta-pulkkinen\/","title":{"rendered":"Mariitta Pulkkinen"},"content":{"rendered":"<p>Malmin lentokent\u00e4ll\u00e4 suuri kulttuurihistoriallinen arvo.Perint\u00f6n\u00e4 s\u00e4\u00e4stett\u00e4v\u00e4 lapsillemme..<br \/>\nLentotoiminta ollut monipuolista,jota nyt ajettu alas.<\/p>\n<p>Nyt ripe\u00e4t otteet Malmin lentokent\u00e4n elvytt\u00e4miseksi.Kentt\u00e4\u00e4 kehitett\u00e4v\u00e4 tulevaisuutta varten.Kent\u00e4lle tilausta uusille itseohjautuville lentokoneille ,pieni esimerkki mainiten.<br \/>\nMalmin lentokentt\u00e4 rakennukset tarvitsevat kunnostusta,kulttuuri aarre,kokonaisuutena kaupunkilaisten keidas.<\/p>\n<p>Tulevia hienoja lenton\u00e4yt\u00f6ksi\u00e4 odotellen.<br \/>\nWWW-sivujen osoite <a href=\"https:\/\/www.facebook.com\/KD-Kuntavaalit-2017-Mariitta-Pulkkinen-1208213309255335\/\">https:\/\/www.facebook.com\/KD-Kuntavaalit-2017-Mariitta-Pulkkinen-1208213309255335\/<\/a><br \/>\nS\u00e4hk\u00f6postiosoite <a href=\"mailto:sylvia.pulkkinen@hotmail.com\">sylvia.pulkkinen@hotmail.com<\/a><\/p>\n<p>&nbsp;<\/p>\n","protected":false},"excerpt":{"rendered":"<p>Malmin lentokent\u00e4ll\u00e4 suuri kulttuurihistoriallinen arvo.Perint\u00f6n\u00e4 s\u00e4\u00e4stett\u00e4v\u00e4 lapsillemme.. Lentotoiminta ollut monipuolista,jota nyt ajettu alas. Nyt ripe\u00e4t otteet Malmin lentokent\u00e4n elvytt\u00e4miseksi.Kentt\u00e4\u00e4 kehitett\u00e4v\u00e4 tulevaisuutta varten.Kent\u00e4lle tilausta uusille itseohjautuville lentokoneille ,pieni esimerkki mainiten. Malmin lentokentt\u00e4 rakennukset tarvitsevat kunnostusta,kulttuuri aarre,kokonaisuutena kaupunkilaisten keidas. Tulevia hienoja lenton\u00e4yt\u00f6ksi\u00e4 odotellen. WWW-sivujen osoite https:\/\/www.facebook.com\/KD-Kuntavaalit-2017-Mariitta-Pulkkinen-1208213309255335\/ S\u00e4hk\u00f6postiosoite sylvia.pulkkinen@hotmail.com &nbsp;<\/p>\n","protected":false},"author":1,"featured_media":0,"comment_status":"closed","ping_status":"open","sticky":false,"template":"","format":"standard","meta":{"footnotes":""},"categories":[1],"tags":[],"puolue":[30],"kyselyvastaus":[21],"kunta":[27],"_links":{"self":[{"href":"https:\/\/www.malmivaalit.fi\/kuntavaalit2017\/wp-json\/wp\/v2\/posts\/1069"}],"collection":[{"href":"https:\/\/www.malmivaalit.fi\/kuntavaalit2017\/wp-json\/wp\/v2\/posts"}],"about":[{"href":"https:\/\/www.malmivaalit.fi\/kuntavaalit2017\/wp-json\/wp\/v2\/types\/post"}],"author":[{"embeddable":true,"href":"https:\/\/www.malmivaalit.fi\/kuntavaalit2017\/wp-json\/wp\/v2\/users\/1"}],"replies":[{"embeddable":true,"href":"https:\/\/www.malmivaalit.fi\/kuntavaalit2017\/wp-json\/wp\/v2\/comments?post=1069"}],"version-history":[{"count":0,"href":"https:\/\/www.malmivaalit.fi\/kuntavaalit2017\/wp-json\/wp\/v2\/posts\/1069\/revisions"}],"wp:attachment":[{"href":"https:\/\/www.malmivaalit.fi\/kuntavaalit2017\/wp-json\/wp\/v2\/media?parent=1069"}],"wp:term":[{"taxonomy":"category","embeddable":true,"href":"https:\/\/www.malmivaalit.fi\/kuntavaalit2017\/wp-json\/wp\/v2\/categories?post=1069"},{"taxonomy":"post_tag","embeddable":true,"href":"https:\/\/www.malmivaalit.fi\/kuntavaalit2017\/wp-json\/wp\/v2\/tags?post=1069"},{"taxonomy":"puolue","embeddable":true,"href":"https:\/\/www.malmivaalit.fi\/kuntavaalit2017\/wp-json\/wp\/v2\/puolue?post=1069"},{"taxonomy":"kyselyvastaus","embeddable":true,"href":"https:\/\/www.malmivaalit.fi\/kuntavaalit2017\/wp-json\/wp\/v2\/kyselyvastaus?post=1069"},{"taxonomy":"kunta","embeddable":true,"href":"https:\/\/www.malmivaalit.fi\/kuntavaalit2017\/wp-json\/wp\/v2\/kunta?post=1069"}],"curies":[{"name":"wp","href":"https:\/\/api.w.org\/{rel}","templated":true}]}}