{"id":1084,"date":"2017-03-10T00:25:34","date_gmt":"2017-03-09T22:25:34","guid":{"rendered":"https:\/\/www.malmivaalit.fi\/kuntavaalit2017\/petri-stalfors\/"},"modified":"2017-03-12T23:25:49","modified_gmt":"2017-03-12T21:25:49","slug":"petri-stalfors","status":"publish","type":"post","link":"https:\/\/www.malmivaalit.fi\/kuntavaalit2017\/petri-stalfors\/","title":{"rendered":"Petri St\u00e5lfors"},"content":{"rendered":"<p>Olen itse j\u00e4senen\u00e4 Malmin Lentoaseman Yst\u00e4viss\u00e4.<br \/>\nLentoasema pit\u00e4\u00e4 s\u00e4ilytt\u00e4\u00e4 ja kehitt\u00e4\u00e4 ilmailuk\u00e4yt\u00f6ss\u00e4 ja vastaavassa yritystoiminnassa.<\/p>\n","protected":false},"excerpt":{"rendered":"<p>Olen itse j\u00e4senen\u00e4 Malmin Lentoaseman Yst\u00e4viss\u00e4. Lentoasema pit\u00e4\u00e4 s\u00e4ilytt\u00e4\u00e4 ja kehitt\u00e4\u00e4 ilmailuk\u00e4yt\u00f6ss\u00e4 ja vastaavassa yritystoiminnassa.<\/p>\n","protected":false},"author":1,"featured_media":0,"comment_status":"closed","ping_status":"open","sticky":false,"template":"","format":"standard","meta":{"footnotes":""},"categories":[1],"tags":[],"puolue":[30],"kyselyvastaus":[21],"kunta":[27],"_links":{"self":[{"href":"https:\/\/www.malmivaalit.fi\/kuntavaalit2017\/wp-json\/wp\/v2\/posts\/1084"}],"collection":[{"href":"https:\/\/www.malmivaalit.fi\/kuntavaalit2017\/wp-json\/wp\/v2\/posts"}],"about":[{"href":"https:\/\/www.malmivaalit.fi\/kuntavaalit2017\/wp-json\/wp\/v2\/types\/post"}],"author":[{"embeddable":true,"href":"https:\/\/www.malmivaalit.fi\/kuntavaalit2017\/wp-json\/wp\/v2\/users\/1"}],"replies":[{"embeddable":true,"href":"https:\/\/www.malmivaalit.fi\/kuntavaalit2017\/wp-json\/wp\/v2\/comments?post=1084"}],"version-history":[{"count":0,"href":"https:\/\/www.malmivaalit.fi\/kuntavaalit2017\/wp-json\/wp\/v2\/posts\/1084\/revisions"}],"wp:attachment":[{"href":"https:\/\/www.malmivaalit.fi\/kuntavaalit2017\/wp-json\/wp\/v2\/media?parent=1084"}],"wp:term":[{"taxonomy":"category","embeddable":true,"href":"https:\/\/www.malmivaalit.fi\/kuntavaalit2017\/wp-json\/wp\/v2\/categories?post=1084"},{"taxonomy":"post_tag","embeddable":true,"href":"https:\/\/www.malmivaalit.fi\/kuntavaalit2017\/wp-json\/wp\/v2\/tags?post=1084"},{"taxonomy":"puolue","embeddable":true,"href":"https:\/\/www.malmivaalit.fi\/kuntavaalit2017\/wp-json\/wp\/v2\/puolue?post=1084"},{"taxonomy":"kyselyvastaus","embeddable":true,"href":"https:\/\/www.malmivaalit.fi\/kuntavaalit2017\/wp-json\/wp\/v2\/kyselyvastaus?post=1084"},{"taxonomy":"kunta","embeddable":true,"href":"https:\/\/www.malmivaalit.fi\/kuntavaalit2017\/wp-json\/wp\/v2\/kunta?post=1084"}],"curies":[{"name":"wp","href":"https:\/\/api.w.org\/{rel}","templated":true}]}}