{"id":1145,"date":"2017-03-10T00:28:52","date_gmt":"2017-03-09T22:28:52","guid":{"rendered":"https:\/\/www.malmivaalit.fi\/kuntavaalit2017\/emma-kari\/"},"modified":"2017-04-02T20:17:50","modified_gmt":"2017-04-02T17:17:50","slug":"emma-kari","status":"publish","type":"post","link":"https:\/\/www.malmivaalit.fi\/kuntavaalit2017\/emma-kari\/","title":{"rendered":"Emma Kari"},"content":{"rendered":"<p>Helsinkiin muuttaa valtava m\u00e4\u00e4r\u00e4 uusia ihmisi\u00e4 ja asuntojen hinnat ovat nousseet todella korkeiksi. Me kannatamme, ett\u00e4 selvitet\u00e4\u00e4n kaikki ne vaihtoehdot, jotka voisivat johtaa kent\u00e4n saamiseen asuntorakentamiseen mahdollisimman nopeasti.\u00a0http:\/\/www.helsinginuutiset.fi\/artikkeli\/229485-sdp-ja-vihreat-malmin-kentta-saatava-asuntorakentamiseen<\/p>\n","protected":false},"excerpt":{"rendered":"<p>Helsinkiin muuttaa valtava m\u00e4\u00e4r\u00e4 uusia ihmisi\u00e4 ja asuntojen hinnat ovat nousseet todella korkeiksi. Me kannatamme, ett\u00e4 selvitet\u00e4\u00e4n kaikki ne vaihtoehdot, jotka voisivat johtaa kent\u00e4n saamiseen asuntorakentamiseen mahdollisimman nopeasti.\u00a0http:\/\/www.helsinginuutiset.fi\/artikkeli\/229485-sdp-ja-vihreat-malmin-kentta-saatava-asuntorakentamiseen<\/p>\n","protected":false},"author":1,"featured_media":0,"comment_status":"closed","ping_status":"open","sticky":false,"template":"","format":"standard","meta":{"footnotes":""},"categories":[1],"tags":[],"puolue":[31],"kyselyvastaus":[22],"kunta":[27],"_links":{"self":[{"href":"https:\/\/www.malmivaalit.fi\/kuntavaalit2017\/wp-json\/wp\/v2\/posts\/1145"}],"collection":[{"href":"https:\/\/www.malmivaalit.fi\/kuntavaalit2017\/wp-json\/wp\/v2\/posts"}],"about":[{"href":"https:\/\/www.malmivaalit.fi\/kuntavaalit2017\/wp-json\/wp\/v2\/types\/post"}],"author":[{"embeddable":true,"href":"https:\/\/www.malmivaalit.fi\/kuntavaalit2017\/wp-json\/wp\/v2\/users\/1"}],"replies":[{"embeddable":true,"href":"https:\/\/www.malmivaalit.fi\/kuntavaalit2017\/wp-json\/wp\/v2\/comments?post=1145"}],"version-history":[{"count":0,"href":"https:\/\/www.malmivaalit.fi\/kuntavaalit2017\/wp-json\/wp\/v2\/posts\/1145\/revisions"}],"wp:attachment":[{"href":"https:\/\/www.malmivaalit.fi\/kuntavaalit2017\/wp-json\/wp\/v2\/media?parent=1145"}],"wp:term":[{"taxonomy":"category","embeddable":true,"href":"https:\/\/www.malmivaalit.fi\/kuntavaalit2017\/wp-json\/wp\/v2\/categories?post=1145"},{"taxonomy":"post_tag","embeddable":true,"href":"https:\/\/www.malmivaalit.fi\/kuntavaalit2017\/wp-json\/wp\/v2\/tags?post=1145"},{"taxonomy":"puolue","embeddable":true,"href":"https:\/\/www.malmivaalit.fi\/kuntavaalit2017\/wp-json\/wp\/v2\/puolue?post=1145"},{"taxonomy":"kyselyvastaus","embeddable":true,"href":"https:\/\/www.malmivaalit.fi\/kuntavaalit2017\/wp-json\/wp\/v2\/kyselyvastaus?post=1145"},{"taxonomy":"kunta","embeddable":true,"href":"https:\/\/www.malmivaalit.fi\/kuntavaalit2017\/wp-json\/wp\/v2\/kunta?post=1145"}],"curies":[{"name":"wp","href":"https:\/\/api.w.org\/{rel}","templated":true}]}}