{"id":1186,"date":"2017-03-10T00:31:01","date_gmt":"2017-03-09T22:31:01","guid":{"rendered":"https:\/\/www.malmivaalit.fi\/kuntavaalit2017\/jarmo-nieminen\/"},"modified":"2017-03-16T14:40:58","modified_gmt":"2017-03-16T12:40:58","slug":"jarmo-nieminen","status":"publish","type":"post","link":"https:\/\/www.malmivaalit.fi\/kuntavaalit2017\/jarmo-nieminen\/","title":{"rendered":"Jarmo Nieminen"},"content":{"rendered":"<p>Helsingin tulevaisuutta ei ratkaista pelk\u00e4ll\u00e4 rakentamisella. Tarvitaan lis\u00e4\u00e4 yritt\u00e4jyytt\u00e4, kansainv\u00e4lisyytt\u00e4, kehittyv\u00e4 ulkoinen ja kaupungin sis\u00e4inen logistiikka sek\u00e4 terve virkistysalue- ja luontoymp\u00e4rist\u00f6.<\/p>\n<p>Helsinki-Malmin lentokent\u00e4ll\u00e4 on loistava menneisyys ja yht\u00e4 loistava tulevaisuus Suomen p\u00e4\u00e4kaupungin omana lentokentt\u00e4n\u00e4, yhteyten\u00e4 ymp\u00e4ri Suomen ja Eurooppaan. Ilmailu on nopeiten kasvava liikenn\u00f6intimuoto valtioiden v\u00e4lill\u00e4. T\u00e4ss\u00e4 k\u00e4rken\u00e4 etenee aikatauluton kaupunkien v\u00e4linen pienlentokoneliikenne. Siksi Euroopan Unionin komissio suosittelee ilmailustrategiassaan j\u00e4senvaltioilleen kaupunkilentokenttien lis\u00e4\u00e4mist\u00e4, koska suurlentokent\u00e4t, kuten Helsinki-Vantaa, sitoutuvat ennalta aikataulutetuiksi maailman ihmis- ja tavararahdin minuuttikentiksi.<\/p>\n<p>Erityisesti pienlentokoneliikenteess\u00e4 tulee tapahtumaan radikaali muutos siirrytt\u00e4ess\u00e4 polttomoottoreista akkuk\u00e4ytt\u00f6isiin s\u00e4hk\u00f6moottoreihin. T\u00e4st\u00e4 ilmailusta tulee ekologisin liikenn\u00f6intimuoto Suomen ja Euroopan kaupunkien v\u00e4lill\u00e4. En halua Helsingin erist\u00e4ytyv\u00e4n t\u00e4st\u00e4 kehityksest\u00e4. Haluan, ett\u00e4 Helsingin kaupunkilent\u00e4kentt\u00e4 \u2013 Malmi \u2013 voi hyvin ja kukoistaa upeassa luonto- ja kulttuuriymp\u00e4rist\u00f6ss\u00e4\u00e4n, turvaten osaltaan Helsingin saavutettavuuden ja siten menestyksen.<\/p>\n<p>WWW-sivujen osoite: <a href=\"http:\/\/www.jarmonieminen.fi\">www.jarmonieminen.fi<\/a><br \/>\nS\u00e4hk\u00f6postiosoite: <a href=\"mailto:nieminen.jarmo@gmail.com\">nieminen.jarmo@gmail.com<\/a><\/p>\n","protected":false},"excerpt":{"rendered":"<p>Helsingin tulevaisuutta ei ratkaista pelk\u00e4ll\u00e4 rakentamisella. Tarvitaan lis\u00e4\u00e4 yritt\u00e4jyytt\u00e4, kansainv\u00e4lisyytt\u00e4, kehittyv\u00e4 ulkoinen ja kaupungin sis\u00e4inen logistiikka sek\u00e4 terve virkistysalue- ja luontoymp\u00e4rist\u00f6. Helsinki-Malmin lentokent\u00e4ll\u00e4 on loistava menneisyys ja yht\u00e4 loistava tulevaisuus Suomen p\u00e4\u00e4kaupungin omana lentokentt\u00e4n\u00e4, yhteyten\u00e4 ymp\u00e4ri Suomen ja Eurooppaan. Ilmailu on nopeiten kasvava liikenn\u00f6intimuoto valtioiden v\u00e4lill\u00e4. T\u00e4ss\u00e4 k\u00e4rken\u00e4 etenee aikatauluton kaupunkien v\u00e4linen pienlentokoneliikenne. Siksi Euroopan &hellip; <a href=\"https:\/\/www.malmivaalit.fi\/kuntavaalit2017\/jarmo-nieminen\/\" class=\"more-link\">Continue reading <span class=\"screen-reader-text\">Jarmo Nieminen<\/span><\/a><\/p>\n","protected":false},"author":1,"featured_media":0,"comment_status":"closed","ping_status":"open","sticky":false,"template":"","format":"standard","meta":{"footnotes":""},"categories":[1],"tags":[],"puolue":[31],"kyselyvastaus":[21],"kunta":[27],"_links":{"self":[{"href":"https:\/\/www.malmivaalit.fi\/kuntavaalit2017\/wp-json\/wp\/v2\/posts\/1186"}],"collection":[{"href":"https:\/\/www.malmivaalit.fi\/kuntavaalit2017\/wp-json\/wp\/v2\/posts"}],"about":[{"href":"https:\/\/www.malmivaalit.fi\/kuntavaalit2017\/wp-json\/wp\/v2\/types\/post"}],"author":[{"embeddable":true,"href":"https:\/\/www.malmivaalit.fi\/kuntavaalit2017\/wp-json\/wp\/v2\/users\/1"}],"replies":[{"embeddable":true,"href":"https:\/\/www.malmivaalit.fi\/kuntavaalit2017\/wp-json\/wp\/v2\/comments?post=1186"}],"version-history":[{"count":0,"href":"https:\/\/www.malmivaalit.fi\/kuntavaalit2017\/wp-json\/wp\/v2\/posts\/1186\/revisions"}],"wp:attachment":[{"href":"https:\/\/www.malmivaalit.fi\/kuntavaalit2017\/wp-json\/wp\/v2\/media?parent=1186"}],"wp:term":[{"taxonomy":"category","embeddable":true,"href":"https:\/\/www.malmivaalit.fi\/kuntavaalit2017\/wp-json\/wp\/v2\/categories?post=1186"},{"taxonomy":"post_tag","embeddable":true,"href":"https:\/\/www.malmivaalit.fi\/kuntavaalit2017\/wp-json\/wp\/v2\/tags?post=1186"},{"taxonomy":"puolue","embeddable":true,"href":"https:\/\/www.malmivaalit.fi\/kuntavaalit2017\/wp-json\/wp\/v2\/puolue?post=1186"},{"taxonomy":"kyselyvastaus","embeddable":true,"href":"https:\/\/www.malmivaalit.fi\/kuntavaalit2017\/wp-json\/wp\/v2\/kyselyvastaus?post=1186"},{"taxonomy":"kunta","embeddable":true,"href":"https:\/\/www.malmivaalit.fi\/kuntavaalit2017\/wp-json\/wp\/v2\/kunta?post=1186"}],"curies":[{"name":"wp","href":"https:\/\/api.w.org\/{rel}","templated":true}]}}