{"id":1209,"date":"2017-03-10T00:32:13","date_gmt":"2017-03-09T22:32:13","guid":{"rendered":"https:\/\/www.malmivaalit.fi\/kuntavaalit2017\/satu-silvo\/"},"modified":"2017-03-28T09:29:55","modified_gmt":"2017-03-28T06:29:55","slug":"satu-silvo","status":"publish","type":"post","link":"https:\/\/www.malmivaalit.fi\/kuntavaalit2017\/satu-silvo\/","title":{"rendered":"Satu Silvo"},"content":{"rendered":"<p>Mik\u00e4li pystyt\u00e4\u00e4n osoittamaan korvaavat vastaavan kaltaiset alueet, joille asuntorakentaminen voidaan keskitt\u00e4\u00e4 Malmin sijaan, minusta kentt\u00e4 voisi s\u00e4ily\u00e4. Vaakakupeissa ovat lentotoiminta ja asuntotuotanto sek\u00e4 taloudelliset- ja ymp\u00e4rist\u00f6arvot, ja mielest\u00e4ni n\u00e4m\u00e4 kaikki olisi otettava huomioon. Minusta t\u00e4m\u00e4nkaltaisissa kiistoissa olisi kyett\u00e4v\u00e4 keskustelemaan rakentavasti puolue- ja interessirajoen yli.<\/p>\n","protected":false},"excerpt":{"rendered":"<p>Mik\u00e4li pystyt\u00e4\u00e4n osoittamaan korvaavat vastaavan kaltaiset alueet, joille asuntorakentaminen voidaan keskitt\u00e4\u00e4 Malmin sijaan, minusta kentt\u00e4 voisi s\u00e4ily\u00e4. Vaakakupeissa ovat lentotoiminta ja asuntotuotanto sek\u00e4 taloudelliset- ja ymp\u00e4rist\u00f6arvot, ja mielest\u00e4ni n\u00e4m\u00e4 kaikki olisi otettava huomioon. Minusta t\u00e4m\u00e4nkaltaisissa kiistoissa olisi kyett\u00e4v\u00e4 keskustelemaan rakentavasti puolue- ja interessirajoen yli.<\/p>\n","protected":false},"author":1,"featured_media":0,"comment_status":"closed","ping_status":"open","sticky":false,"template":"","format":"standard","meta":{"footnotes":""},"categories":[1],"tags":[],"puolue":[31],"kyselyvastaus":[21],"kunta":[27],"_links":{"self":[{"href":"https:\/\/www.malmivaalit.fi\/kuntavaalit2017\/wp-json\/wp\/v2\/posts\/1209"}],"collection":[{"href":"https:\/\/www.malmivaalit.fi\/kuntavaalit2017\/wp-json\/wp\/v2\/posts"}],"about":[{"href":"https:\/\/www.malmivaalit.fi\/kuntavaalit2017\/wp-json\/wp\/v2\/types\/post"}],"author":[{"embeddable":true,"href":"https:\/\/www.malmivaalit.fi\/kuntavaalit2017\/wp-json\/wp\/v2\/users\/1"}],"replies":[{"embeddable":true,"href":"https:\/\/www.malmivaalit.fi\/kuntavaalit2017\/wp-json\/wp\/v2\/comments?post=1209"}],"version-history":[{"count":0,"href":"https:\/\/www.malmivaalit.fi\/kuntavaalit2017\/wp-json\/wp\/v2\/posts\/1209\/revisions"}],"wp:attachment":[{"href":"https:\/\/www.malmivaalit.fi\/kuntavaalit2017\/wp-json\/wp\/v2\/media?parent=1209"}],"wp:term":[{"taxonomy":"category","embeddable":true,"href":"https:\/\/www.malmivaalit.fi\/kuntavaalit2017\/wp-json\/wp\/v2\/categories?post=1209"},{"taxonomy":"post_tag","embeddable":true,"href":"https:\/\/www.malmivaalit.fi\/kuntavaalit2017\/wp-json\/wp\/v2\/tags?post=1209"},{"taxonomy":"puolue","embeddable":true,"href":"https:\/\/www.malmivaalit.fi\/kuntavaalit2017\/wp-json\/wp\/v2\/puolue?post=1209"},{"taxonomy":"kyselyvastaus","embeddable":true,"href":"https:\/\/www.malmivaalit.fi\/kuntavaalit2017\/wp-json\/wp\/v2\/kyselyvastaus?post=1209"},{"taxonomy":"kunta","embeddable":true,"href":"https:\/\/www.malmivaalit.fi\/kuntavaalit2017\/wp-json\/wp\/v2\/kunta?post=1209"}],"curies":[{"name":"wp","href":"https:\/\/api.w.org\/{rel}","templated":true}]}}