{"id":1253,"date":"2017-03-10T00:34:29","date_gmt":"2017-03-09T22:34:29","guid":{"rendered":"https:\/\/www.malmivaalit.fi\/kuntavaalit2017\/marko-ekqvist\/"},"modified":"2017-03-12T10:54:33","modified_gmt":"2017-03-12T08:54:33","slug":"marko-ekqvist","status":"publish","type":"post","link":"https:\/\/www.malmivaalit.fi\/kuntavaalit2017\/marko-ekqvist\/","title":{"rendered":"Marko Ekqvist"},"content":{"rendered":"<p>Tulevana kaupunginvaltuutettuna tulen omalta osaltani toimimaan siten, ett\u00e4 yleiskaavan p\u00e4\u00e4t\u00f6kset vuodelta 2016 tullaan uudelleen arvioimaan. Malmin lentokentt\u00e4 tulee s\u00e4ilytt\u00e4\u00e4 ilmailuk\u00e4yt\u00f6ss\u00e4.<\/p>\n<p>Tutustu my\u00f6s vaaliohjelmaani ja muihin ajamiini asioihin osoitteessa <a href=\"http:\/\/vaalit.ekqvist.fi\/\">vaalit.ekqvist.fi<\/a><\/p>\n","protected":false},"excerpt":{"rendered":"<p>Tulevana kaupunginvaltuutettuna tulen omalta osaltani toimimaan siten, ett\u00e4 yleiskaavan p\u00e4\u00e4t\u00f6kset vuodelta 2016 tullaan uudelleen arvioimaan. Malmin lentokentt\u00e4 tulee s\u00e4ilytt\u00e4\u00e4 ilmailuk\u00e4yt\u00f6ss\u00e4. Tutustu my\u00f6s vaaliohjelmaani ja muihin ajamiini asioihin osoitteessa vaalit.ekqvist.fi<\/p>\n","protected":false},"author":1,"featured_media":0,"comment_status":"closed","ping_status":"open","sticky":false,"template":"","format":"standard","meta":{"footnotes":""},"categories":[1],"tags":[],"puolue":[32],"kyselyvastaus":[21],"kunta":[27],"_links":{"self":[{"href":"https:\/\/www.malmivaalit.fi\/kuntavaalit2017\/wp-json\/wp\/v2\/posts\/1253"}],"collection":[{"href":"https:\/\/www.malmivaalit.fi\/kuntavaalit2017\/wp-json\/wp\/v2\/posts"}],"about":[{"href":"https:\/\/www.malmivaalit.fi\/kuntavaalit2017\/wp-json\/wp\/v2\/types\/post"}],"author":[{"embeddable":true,"href":"https:\/\/www.malmivaalit.fi\/kuntavaalit2017\/wp-json\/wp\/v2\/users\/1"}],"replies":[{"embeddable":true,"href":"https:\/\/www.malmivaalit.fi\/kuntavaalit2017\/wp-json\/wp\/v2\/comments?post=1253"}],"version-history":[{"count":0,"href":"https:\/\/www.malmivaalit.fi\/kuntavaalit2017\/wp-json\/wp\/v2\/posts\/1253\/revisions"}],"wp:attachment":[{"href":"https:\/\/www.malmivaalit.fi\/kuntavaalit2017\/wp-json\/wp\/v2\/media?parent=1253"}],"wp:term":[{"taxonomy":"category","embeddable":true,"href":"https:\/\/www.malmivaalit.fi\/kuntavaalit2017\/wp-json\/wp\/v2\/categories?post=1253"},{"taxonomy":"post_tag","embeddable":true,"href":"https:\/\/www.malmivaalit.fi\/kuntavaalit2017\/wp-json\/wp\/v2\/tags?post=1253"},{"taxonomy":"puolue","embeddable":true,"href":"https:\/\/www.malmivaalit.fi\/kuntavaalit2017\/wp-json\/wp\/v2\/puolue?post=1253"},{"taxonomy":"kyselyvastaus","embeddable":true,"href":"https:\/\/www.malmivaalit.fi\/kuntavaalit2017\/wp-json\/wp\/v2\/kyselyvastaus?post=1253"},{"taxonomy":"kunta","embeddable":true,"href":"https:\/\/www.malmivaalit.fi\/kuntavaalit2017\/wp-json\/wp\/v2\/kunta?post=1253"}],"curies":[{"name":"wp","href":"https:\/\/api.w.org\/{rel}","templated":true}]}}