{"id":1290,"date":"2017-03-10T00:36:17","date_gmt":"2017-03-09T22:36:17","guid":{"rendered":"https:\/\/www.malmivaalit.fi\/kuntavaalit2017\/pia-kopra\/"},"modified":"2017-03-12T23:31:03","modified_gmt":"2017-03-12T21:31:03","slug":"pia-kopra","status":"publish","type":"post","link":"https:\/\/www.malmivaalit.fi\/kuntavaalit2017\/pia-kopra\/","title":{"rendered":"Pia Kopra"},"content":{"rendered":"<p>Malmin lentokent\u00e4n lakkauttamisp\u00e4\u00e4t\u00f6s tehtiin liian nopeasti. L\u00e4hesk\u00e4\u00e4n kaikkia seikkoja ei ole otettu huomioon. Malmin toimintojen siirto ei ole realistinen vaihtoehto. Siirto maksaa paljon ja laskun maksaa veronmaksaja. EU on suositellut kaupunki- ja yleisilmailukenttien s\u00e4ilytt\u00e4mist\u00e4, n\u00e4in tulee tehd\u00e4 my\u00f6s Malmin kohdalla. Yleisilmailu ja liikelentotoiminta kasvavat koko ajan ja ovat t\u00e4rkeit\u00e4 palvelun tarjoajia, n\u00e4in my\u00f6s Malmilla. Lentokentt\u00e4kapasiteetin riitt\u00e4vyys on EU:n strateginen huolenaihe. Helsinki-Malmin toiminnoissa on harrastelent\u00e4mist\u00e4, matkalentoja ja koulutusta. Malmi on Suomen toiseksi vilkkain lentokentt\u00e4. Huoltovarmuuden s\u00e4ilyminen on nyt my\u00f6s uhattuna. Malmin kent\u00e4n muuttaminen asuinalueeksi voi olla liian haasteellista maaper\u00e4n sopimattomuuden vuoksi. Paalutus tulee olemaan eritt\u00e4in vaikeaa. Tattarisuon savikko on syv\u00e4. Savea joudutaan kuljettamaan pois. Kent\u00e4n maaper\u00e4 voi olla saastunut.<\/p>\n","protected":false},"excerpt":{"rendered":"<p>Malmin lentokent\u00e4n lakkauttamisp\u00e4\u00e4t\u00f6s tehtiin liian nopeasti. L\u00e4hesk\u00e4\u00e4n kaikkia seikkoja ei ole otettu huomioon. Malmin toimintojen siirto ei ole realistinen vaihtoehto. Siirto maksaa paljon ja laskun maksaa veronmaksaja. EU on suositellut kaupunki- ja yleisilmailukenttien s\u00e4ilytt\u00e4mist\u00e4, n\u00e4in tulee tehd\u00e4 my\u00f6s Malmin kohdalla. Yleisilmailu ja liikelentotoiminta kasvavat koko ajan ja ovat t\u00e4rkeit\u00e4 palvelun tarjoajia, n\u00e4in my\u00f6s Malmilla. Lentokentt\u00e4kapasiteetin &hellip; <a href=\"https:\/\/www.malmivaalit.fi\/kuntavaalit2017\/pia-kopra\/\" class=\"more-link\">Continue reading <span class=\"screen-reader-text\">Pia Kopra<\/span><\/a><\/p>\n","protected":false},"author":1,"featured_media":0,"comment_status":"closed","ping_status":"open","sticky":false,"template":"","format":"standard","meta":{"footnotes":""},"categories":[1],"tags":[],"puolue":[32],"kyselyvastaus":[21],"kunta":[27],"_links":{"self":[{"href":"https:\/\/www.malmivaalit.fi\/kuntavaalit2017\/wp-json\/wp\/v2\/posts\/1290"}],"collection":[{"href":"https:\/\/www.malmivaalit.fi\/kuntavaalit2017\/wp-json\/wp\/v2\/posts"}],"about":[{"href":"https:\/\/www.malmivaalit.fi\/kuntavaalit2017\/wp-json\/wp\/v2\/types\/post"}],"author":[{"embeddable":true,"href":"https:\/\/www.malmivaalit.fi\/kuntavaalit2017\/wp-json\/wp\/v2\/users\/1"}],"replies":[{"embeddable":true,"href":"https:\/\/www.malmivaalit.fi\/kuntavaalit2017\/wp-json\/wp\/v2\/comments?post=1290"}],"version-history":[{"count":0,"href":"https:\/\/www.malmivaalit.fi\/kuntavaalit2017\/wp-json\/wp\/v2\/posts\/1290\/revisions"}],"wp:attachment":[{"href":"https:\/\/www.malmivaalit.fi\/kuntavaalit2017\/wp-json\/wp\/v2\/media?parent=1290"}],"wp:term":[{"taxonomy":"category","embeddable":true,"href":"https:\/\/www.malmivaalit.fi\/kuntavaalit2017\/wp-json\/wp\/v2\/categories?post=1290"},{"taxonomy":"post_tag","embeddable":true,"href":"https:\/\/www.malmivaalit.fi\/kuntavaalit2017\/wp-json\/wp\/v2\/tags?post=1290"},{"taxonomy":"puolue","embeddable":true,"href":"https:\/\/www.malmivaalit.fi\/kuntavaalit2017\/wp-json\/wp\/v2\/puolue?post=1290"},{"taxonomy":"kyselyvastaus","embeddable":true,"href":"https:\/\/www.malmivaalit.fi\/kuntavaalit2017\/wp-json\/wp\/v2\/kyselyvastaus?post=1290"},{"taxonomy":"kunta","embeddable":true,"href":"https:\/\/www.malmivaalit.fi\/kuntavaalit2017\/wp-json\/wp\/v2\/kunta?post=1290"}],"curies":[{"name":"wp","href":"https:\/\/api.w.org\/{rel}","templated":true}]}}