{"id":1337,"date":"2017-03-10T00:38:38","date_gmt":"2017-03-09T22:38:38","guid":{"rendered":"https:\/\/www.malmivaalit.fi\/kuntavaalit2017\/markku-saarikangas\/"},"modified":"2017-03-14T19:12:11","modified_gmt":"2017-03-14T17:12:11","slug":"markku-saarikangas","status":"publish","type":"post","link":"https:\/\/www.malmivaalit.fi\/kuntavaalit2017\/markku-saarikangas\/","title":{"rendered":"Markku Saarikangas"},"content":{"rendered":"<p>Lyhyesti: Malmin lentoasema on merkitt\u00e4v\u00e4 l\u00e4hialueiden lentoliikenteen solmukohta. Sen kautta tulee organisoida ja operoida kotimaan lentoliikenne sek\u00e4 l\u00e4hialueiden lentoliikenne. N\u00e4iss\u00e4 nopeus, hinta ja joustavuus ovat avainasemassa. Pelastus my\u00f6s maakuntiemme kentille.<\/p>\n<p>Kulttuurihistoriallinen merkitys.<br \/>\nAlue ei sovellu rakennusmaaksi.<br \/>\nPuolustusvoimien vara- ja harjoituskentt\u00e4.<br \/>\nRajalaitoksen pelastushelikoptereiden tukikohta ja harjoitus alue.<br \/>\nLiikennelent\u00e4jien harjoitusalue. Harjoittelun tulee tapahtua alueilla joilla on liikennett\u00e4 &#8211; ei Kainuun metsiss\u00e4!<\/p>\n<p>Valtioneuvoston p\u00e4\u00e4t\u00f6ksen vastaisesti lentoasemaa ollaan lopettamassa ilman ett\u00e4 korvaava kentt\u00e4 on olemassa.<\/p>\n<p><a href=\"http:\/\/www.markkusaarikangas.fi\/\" target=\"_blank\" data-saferedirecturl=\"https:\/\/www.google.com\/url?hl=fi&amp;q=http:\/\/www.markkusaarikangas.fi&amp;source=gmail&amp;ust=1489390545332000&amp;usg=AFQjCNGDwzIG4zHUBIliwpuyDMbl5HE71Q\">www.markkusaarikangas.fi<\/a><\/p>\n<table cellspacing=\"0\" cellpadding=\"0\">\n<tbody>\n<tr>\n<td>S\u00e4hk\u00f6postiosoite<\/td>\n<td><a href=\"mailto:markku.saarikangas@gmail.com\" target=\"_blank\">markku.saarikangas@gmail.com<\/a><\/td>\n<\/tr>\n<\/tbody>\n<\/table>\n","protected":false},"excerpt":{"rendered":"<p>Lyhyesti: Malmin lentoasema on merkitt\u00e4v\u00e4 l\u00e4hialueiden lentoliikenteen solmukohta. Sen kautta tulee organisoida ja operoida kotimaan lentoliikenne sek\u00e4 l\u00e4hialueiden lentoliikenne. N\u00e4iss\u00e4 nopeus, hinta ja joustavuus ovat avainasemassa. Pelastus my\u00f6s maakuntiemme kentille. Kulttuurihistoriallinen merkitys. Alue ei sovellu rakennusmaaksi. Puolustusvoimien vara- ja harjoituskentt\u00e4. Rajalaitoksen pelastushelikoptereiden tukikohta ja harjoitus alue. Liikennelent\u00e4jien harjoitusalue. Harjoittelun tulee tapahtua alueilla joilla on liikennett\u00e4 &hellip; <a href=\"https:\/\/www.malmivaalit.fi\/kuntavaalit2017\/markku-saarikangas\/\" class=\"more-link\">Continue reading <span class=\"screen-reader-text\">Markku Saarikangas<\/span><\/a><\/p>\n","protected":false},"author":1,"featured_media":0,"comment_status":"closed","ping_status":"open","sticky":false,"template":"","format":"standard","meta":{"footnotes":""},"categories":[1],"tags":[],"puolue":[32],"kyselyvastaus":[21],"kunta":[27],"_links":{"self":[{"href":"https:\/\/www.malmivaalit.fi\/kuntavaalit2017\/wp-json\/wp\/v2\/posts\/1337"}],"collection":[{"href":"https:\/\/www.malmivaalit.fi\/kuntavaalit2017\/wp-json\/wp\/v2\/posts"}],"about":[{"href":"https:\/\/www.malmivaalit.fi\/kuntavaalit2017\/wp-json\/wp\/v2\/types\/post"}],"author":[{"embeddable":true,"href":"https:\/\/www.malmivaalit.fi\/kuntavaalit2017\/wp-json\/wp\/v2\/users\/1"}],"replies":[{"embeddable":true,"href":"https:\/\/www.malmivaalit.fi\/kuntavaalit2017\/wp-json\/wp\/v2\/comments?post=1337"}],"version-history":[{"count":0,"href":"https:\/\/www.malmivaalit.fi\/kuntavaalit2017\/wp-json\/wp\/v2\/posts\/1337\/revisions"}],"wp:attachment":[{"href":"https:\/\/www.malmivaalit.fi\/kuntavaalit2017\/wp-json\/wp\/v2\/media?parent=1337"}],"wp:term":[{"taxonomy":"category","embeddable":true,"href":"https:\/\/www.malmivaalit.fi\/kuntavaalit2017\/wp-json\/wp\/v2\/categories?post=1337"},{"taxonomy":"post_tag","embeddable":true,"href":"https:\/\/www.malmivaalit.fi\/kuntavaalit2017\/wp-json\/wp\/v2\/tags?post=1337"},{"taxonomy":"puolue","embeddable":true,"href":"https:\/\/www.malmivaalit.fi\/kuntavaalit2017\/wp-json\/wp\/v2\/puolue?post=1337"},{"taxonomy":"kyselyvastaus","embeddable":true,"href":"https:\/\/www.malmivaalit.fi\/kuntavaalit2017\/wp-json\/wp\/v2\/kyselyvastaus?post=1337"},{"taxonomy":"kunta","embeddable":true,"href":"https:\/\/www.malmivaalit.fi\/kuntavaalit2017\/wp-json\/wp\/v2\/kunta?post=1337"}],"curies":[{"name":"wp","href":"https:\/\/api.w.org\/{rel}","templated":true}]}}