{"id":1342,"date":"2017-03-10T00:38:57","date_gmt":"2017-03-09T22:38:57","guid":{"rendered":"https:\/\/www.malmivaalit.fi\/kuntavaalit2017\/markku-salomaa\/"},"modified":"2017-03-16T14:32:15","modified_gmt":"2017-03-16T12:32:15","slug":"markku-salomaa","status":"publish","type":"post","link":"https:\/\/www.malmivaalit.fi\/kuntavaalit2017\/markku-salomaa\/","title":{"rendered":"Markku Salomaa"},"content":{"rendered":"<p>Helsinki-Malmi on kulttuurihistoriallisesti merkitt\u00e4v\u00e4 kohde jonka tuhoaminen olisi kansainv\u00e4linen skandaali. Kulttuurillisten arvojen lis\u00e4ksi se on my\u00f6s el\u00e4v\u00e4 ja vilkas ilmailun solmukohta josta hy\u00f6tyy koko metropolialue ja jonka merkitys vain kasvaa. Kannatin jo nelj\u00e4 vuotta sitten kunnallisvaaleissa Helsinki-Malmin s\u00e4ilytt\u00e4mist\u00e4 ja teen niin edelleenkin. Kansalaiset, olkaa varovaisia uusien tuttavuuksien kanssa. N\u00e4in vaalien alla on Malmin lentokent\u00e4ll\u00e4 paljon yst\u00e4vi\u00e4. Niin oli viime vaalienkin alla&#8230;<\/p>\n<p>WWW-sivujen osoite: \u00a0 \u00a0 \u00a0 \u00a0 \u00a0 \u00a0<a href=\"https:\/\/www.facebook.com\/Markku-Salomaa-yhteiskunta-ja-politiikka-468922889796492\/\">\u00a0https:\/\/www.facebook.com\/Markku-Salomaa-yhteiskunta-ja-politiikka-468922889796492\/<\/a><\/p>\n","protected":false},"excerpt":{"rendered":"<p>Helsinki-Malmi on kulttuurihistoriallisesti merkitt\u00e4v\u00e4 kohde jonka tuhoaminen olisi kansainv\u00e4linen skandaali. Kulttuurillisten arvojen lis\u00e4ksi se on my\u00f6s el\u00e4v\u00e4 ja vilkas ilmailun solmukohta josta hy\u00f6tyy koko metropolialue ja jonka merkitys vain kasvaa. Kannatin jo nelj\u00e4 vuotta sitten kunnallisvaaleissa Helsinki-Malmin s\u00e4ilytt\u00e4mist\u00e4 ja teen niin edelleenkin. Kansalaiset, olkaa varovaisia uusien tuttavuuksien kanssa. N\u00e4in vaalien alla on Malmin lentokent\u00e4ll\u00e4 paljon &hellip; <a href=\"https:\/\/www.malmivaalit.fi\/kuntavaalit2017\/markku-salomaa\/\" class=\"more-link\">Continue reading <span class=\"screen-reader-text\">Markku Salomaa<\/span><\/a><\/p>\n","protected":false},"author":1,"featured_media":0,"comment_status":"closed","ping_status":"open","sticky":false,"template":"","format":"standard","meta":{"footnotes":""},"categories":[1],"tags":[],"puolue":[32],"kyselyvastaus":[21],"kunta":[27],"_links":{"self":[{"href":"https:\/\/www.malmivaalit.fi\/kuntavaalit2017\/wp-json\/wp\/v2\/posts\/1342"}],"collection":[{"href":"https:\/\/www.malmivaalit.fi\/kuntavaalit2017\/wp-json\/wp\/v2\/posts"}],"about":[{"href":"https:\/\/www.malmivaalit.fi\/kuntavaalit2017\/wp-json\/wp\/v2\/types\/post"}],"author":[{"embeddable":true,"href":"https:\/\/www.malmivaalit.fi\/kuntavaalit2017\/wp-json\/wp\/v2\/users\/1"}],"replies":[{"embeddable":true,"href":"https:\/\/www.malmivaalit.fi\/kuntavaalit2017\/wp-json\/wp\/v2\/comments?post=1342"}],"version-history":[{"count":0,"href":"https:\/\/www.malmivaalit.fi\/kuntavaalit2017\/wp-json\/wp\/v2\/posts\/1342\/revisions"}],"wp:attachment":[{"href":"https:\/\/www.malmivaalit.fi\/kuntavaalit2017\/wp-json\/wp\/v2\/media?parent=1342"}],"wp:term":[{"taxonomy":"category","embeddable":true,"href":"https:\/\/www.malmivaalit.fi\/kuntavaalit2017\/wp-json\/wp\/v2\/categories?post=1342"},{"taxonomy":"post_tag","embeddable":true,"href":"https:\/\/www.malmivaalit.fi\/kuntavaalit2017\/wp-json\/wp\/v2\/tags?post=1342"},{"taxonomy":"puolue","embeddable":true,"href":"https:\/\/www.malmivaalit.fi\/kuntavaalit2017\/wp-json\/wp\/v2\/puolue?post=1342"},{"taxonomy":"kyselyvastaus","embeddable":true,"href":"https:\/\/www.malmivaalit.fi\/kuntavaalit2017\/wp-json\/wp\/v2\/kyselyvastaus?post=1342"},{"taxonomy":"kunta","embeddable":true,"href":"https:\/\/www.malmivaalit.fi\/kuntavaalit2017\/wp-json\/wp\/v2\/kunta?post=1342"}],"curies":[{"name":"wp","href":"https:\/\/api.w.org\/{rel}","templated":true}]}}