{"id":1364,"date":"2017-03-10T00:40:02","date_gmt":"2017-03-09T22:40:02","guid":{"rendered":"https:\/\/www.malmivaalit.fi\/kuntavaalit2017\/oskar-viding\/"},"modified":"2017-03-11T10:16:51","modified_gmt":"2017-03-11T08:16:51","slug":"oskar-viding","status":"publish","type":"post","link":"https:\/\/www.malmivaalit.fi\/kuntavaalit2017\/oskar-viding\/","title":{"rendered":"Oskar Viding"},"content":{"rendered":"<p>Malmi on kulttuurihistoriallinen kohde ja sen potentiaali on nimenomaan ilmailuk\u00e4yt\u00f6ss\u00e4. Tulevaisuudessa se palvelisi yrityslentoja, pient\u00e4 osaa kotimaan lentoliikenteest\u00e4 ja kriisiaikana is\u00e4nmaatamme. Lis\u00e4ksi sen teht\u00e4v\u00e4 lent\u00e4jien koulutuspaikkana voisi olla tulevaisuudessa nykyist\u00e4kin merkitt\u00e4v\u00e4mpi. Malmissa on tulevaisuus &#8211; ja vain ilmailun tulevaisuus.<\/p>\n<p>WWW-sivujen osoite <a href=\"https:\/\/vaalit.perussuomalaiset.fi\/ehdokas\/oskar-viding\">https:\/\/vaalit.perussuomalaiset.fi\/ehdokas\/oskar-viding<\/a><br \/>\nS\u00e4hk\u00f6postiosoite Oskar@viding.fi<\/p>\n","protected":false},"excerpt":{"rendered":"<p>Malmi on kulttuurihistoriallinen kohde ja sen potentiaali on nimenomaan ilmailuk\u00e4yt\u00f6ss\u00e4. Tulevaisuudessa se palvelisi yrityslentoja, pient\u00e4 osaa kotimaan lentoliikenteest\u00e4 ja kriisiaikana is\u00e4nmaatamme. Lis\u00e4ksi sen teht\u00e4v\u00e4 lent\u00e4jien koulutuspaikkana voisi olla tulevaisuudessa nykyist\u00e4kin merkitt\u00e4v\u00e4mpi. Malmissa on tulevaisuus &#8211; ja vain ilmailun tulevaisuus. WWW-sivujen osoite https:\/\/vaalit.perussuomalaiset.fi\/ehdokas\/oskar-viding S\u00e4hk\u00f6postiosoite Oskar@viding.fi<\/p>\n","protected":false},"author":1,"featured_media":0,"comment_status":"closed","ping_status":"open","sticky":false,"template":"","format":"standard","meta":{"footnotes":""},"categories":[1],"tags":[],"puolue":[32],"kyselyvastaus":[21],"kunta":[27],"_links":{"self":[{"href":"https:\/\/www.malmivaalit.fi\/kuntavaalit2017\/wp-json\/wp\/v2\/posts\/1364"}],"collection":[{"href":"https:\/\/www.malmivaalit.fi\/kuntavaalit2017\/wp-json\/wp\/v2\/posts"}],"about":[{"href":"https:\/\/www.malmivaalit.fi\/kuntavaalit2017\/wp-json\/wp\/v2\/types\/post"}],"author":[{"embeddable":true,"href":"https:\/\/www.malmivaalit.fi\/kuntavaalit2017\/wp-json\/wp\/v2\/users\/1"}],"replies":[{"embeddable":true,"href":"https:\/\/www.malmivaalit.fi\/kuntavaalit2017\/wp-json\/wp\/v2\/comments?post=1364"}],"version-history":[{"count":0,"href":"https:\/\/www.malmivaalit.fi\/kuntavaalit2017\/wp-json\/wp\/v2\/posts\/1364\/revisions"}],"wp:attachment":[{"href":"https:\/\/www.malmivaalit.fi\/kuntavaalit2017\/wp-json\/wp\/v2\/media?parent=1364"}],"wp:term":[{"taxonomy":"category","embeddable":true,"href":"https:\/\/www.malmivaalit.fi\/kuntavaalit2017\/wp-json\/wp\/v2\/categories?post=1364"},{"taxonomy":"post_tag","embeddable":true,"href":"https:\/\/www.malmivaalit.fi\/kuntavaalit2017\/wp-json\/wp\/v2\/tags?post=1364"},{"taxonomy":"puolue","embeddable":true,"href":"https:\/\/www.malmivaalit.fi\/kuntavaalit2017\/wp-json\/wp\/v2\/puolue?post=1364"},{"taxonomy":"kyselyvastaus","embeddable":true,"href":"https:\/\/www.malmivaalit.fi\/kuntavaalit2017\/wp-json\/wp\/v2\/kyselyvastaus?post=1364"},{"taxonomy":"kunta","embeddable":true,"href":"https:\/\/www.malmivaalit.fi\/kuntavaalit2017\/wp-json\/wp\/v2\/kunta?post=1364"}],"curies":[{"name":"wp","href":"https:\/\/api.w.org\/{rel}","templated":true}]}}