{"id":1369,"date":"2017-03-10T00:40:17","date_gmt":"2017-03-09T22:40:17","guid":{"rendered":"https:\/\/www.malmivaalit.fi\/kuntavaalit2017\/arto-vaisanen\/"},"modified":"2017-03-12T17:47:59","modified_gmt":"2017-03-12T15:47:59","slug":"arto-vaisanen","status":"publish","type":"post","link":"https:\/\/www.malmivaalit.fi\/kuntavaalit2017\/arto-vaisanen\/","title":{"rendered":"Arto V\u00e4is\u00e4nen"},"content":{"rendered":"<p>Malmin lentoasema tulee s\u00e4ilytt\u00e4\u00e4 ilmailuk\u00e4yt\u00f6ss\u00e4. Kent\u00e4ll\u00e4 on suuri kulttuuriarvo my\u00f6s tulevaisuudessa. Meill\u00e4 ei ole oikeutta tuhota n\u00e4in uniikkia aluetta tulevilta j\u00e4lkipolvilta &#8211; kerran menetetty\u00e4 ei t\u00e4ss\u00e4 tapauksessa saada en\u00e4\u00e4 takaisin. Ilmailu on murroksessa. Erilaiset miehitt\u00e4m\u00e4tt\u00f6m\u00e4t alukset ovat alkaneet tulemaan my\u00f6s siviilik\u00e4ytt\u00f6\u00f6n. Malmi on t\u00e4ydellinen sijaintinsa kautta my\u00f6s t\u00e4llaisille toimille.<\/p>\n<p>Lue lis\u00e4\u00e4 Arton ajatuksia osoitteesta:<br \/>\n<a href=\"https:\/\/www.facebook.com\/arto.vaisanen.758\">https:\/\/www.facebook.com\/arto.vaisanen.758<\/a><\/p>\n<p>Email:\u00a0arto.vaisanen@gmail.com<\/p>\n<p>&nbsp;<\/p>\n","protected":false},"excerpt":{"rendered":"<p>Malmin lentoasema tulee s\u00e4ilytt\u00e4\u00e4 ilmailuk\u00e4yt\u00f6ss\u00e4. Kent\u00e4ll\u00e4 on suuri kulttuuriarvo my\u00f6s tulevaisuudessa. Meill\u00e4 ei ole oikeutta tuhota n\u00e4in uniikkia aluetta tulevilta j\u00e4lkipolvilta &#8211; kerran menetetty\u00e4 ei t\u00e4ss\u00e4 tapauksessa saada en\u00e4\u00e4 takaisin. Ilmailu on murroksessa. Erilaiset miehitt\u00e4m\u00e4tt\u00f6m\u00e4t alukset ovat alkaneet tulemaan my\u00f6s siviilik\u00e4ytt\u00f6\u00f6n. Malmi on t\u00e4ydellinen sijaintinsa kautta my\u00f6s t\u00e4llaisille toimille. Lue lis\u00e4\u00e4 Arton ajatuksia osoitteesta: https:\/\/www.facebook.com\/arto.vaisanen.758 &hellip; <a href=\"https:\/\/www.malmivaalit.fi\/kuntavaalit2017\/arto-vaisanen\/\" class=\"more-link\">Continue reading <span class=\"screen-reader-text\">Arto V\u00e4is\u00e4nen<\/span><\/a><\/p>\n","protected":false},"author":1,"featured_media":0,"comment_status":"closed","ping_status":"open","sticky":false,"template":"","format":"standard","meta":{"footnotes":""},"categories":[1],"tags":[],"puolue":[32],"kyselyvastaus":[21],"kunta":[27],"_links":{"self":[{"href":"https:\/\/www.malmivaalit.fi\/kuntavaalit2017\/wp-json\/wp\/v2\/posts\/1369"}],"collection":[{"href":"https:\/\/www.malmivaalit.fi\/kuntavaalit2017\/wp-json\/wp\/v2\/posts"}],"about":[{"href":"https:\/\/www.malmivaalit.fi\/kuntavaalit2017\/wp-json\/wp\/v2\/types\/post"}],"author":[{"embeddable":true,"href":"https:\/\/www.malmivaalit.fi\/kuntavaalit2017\/wp-json\/wp\/v2\/users\/1"}],"replies":[{"embeddable":true,"href":"https:\/\/www.malmivaalit.fi\/kuntavaalit2017\/wp-json\/wp\/v2\/comments?post=1369"}],"version-history":[{"count":0,"href":"https:\/\/www.malmivaalit.fi\/kuntavaalit2017\/wp-json\/wp\/v2\/posts\/1369\/revisions"}],"wp:attachment":[{"href":"https:\/\/www.malmivaalit.fi\/kuntavaalit2017\/wp-json\/wp\/v2\/media?parent=1369"}],"wp:term":[{"taxonomy":"category","embeddable":true,"href":"https:\/\/www.malmivaalit.fi\/kuntavaalit2017\/wp-json\/wp\/v2\/categories?post=1369"},{"taxonomy":"post_tag","embeddable":true,"href":"https:\/\/www.malmivaalit.fi\/kuntavaalit2017\/wp-json\/wp\/v2\/tags?post=1369"},{"taxonomy":"puolue","embeddable":true,"href":"https:\/\/www.malmivaalit.fi\/kuntavaalit2017\/wp-json\/wp\/v2\/puolue?post=1369"},{"taxonomy":"kyselyvastaus","embeddable":true,"href":"https:\/\/www.malmivaalit.fi\/kuntavaalit2017\/wp-json\/wp\/v2\/kyselyvastaus?post=1369"},{"taxonomy":"kunta","embeddable":true,"href":"https:\/\/www.malmivaalit.fi\/kuntavaalit2017\/wp-json\/wp\/v2\/kunta?post=1369"}],"curies":[{"name":"wp","href":"https:\/\/api.w.org\/{rel}","templated":true}]}}