{"id":1489,"date":"2017-03-10T00:46:23","date_gmt":"2017-03-09T22:46:23","guid":{"rendered":"https:\/\/www.malmivaalit.fi\/kuntavaalit2017\/markku-jutila\/"},"modified":"2017-03-16T14:34:32","modified_gmt":"2017-03-16T12:34:32","slug":"markku-jutila","status":"publish","type":"post","link":"https:\/\/www.malmivaalit.fi\/kuntavaalit2017\/markku-jutila\/","title":{"rendered":"Markku Jutila"},"content":{"rendered":"<p>Helsingin kokoisella kaupungilla toki pit\u00e4\u00e4 olla oma lentokentt\u00e4 puhumattakaan siit\u00e4, ett\u00e4 Malmi on historiallinen kulttuuri- ja luontoymp\u00e4rist\u00f6. Samalla se on dynaaminen yritys- ja ty\u00f6paikka-alue ja my\u00f6s kiinnostava n\u00e4ht\u00e4vyys. Tulevaisuudessa lent\u00e4minen saattaa olla jopa ekologisin liikennemuoto. My\u00f6s ilmailun harrastajille pit\u00e4\u00e4 tasavertaisuudenkin takia olla lentokentt\u00e4ns\u00e4, onhan purjehtijoillakin satamansa, golffareilla ja futaajilla omat kentt\u00e4ns\u00e4 jne. Asenteisiini ehk\u00e4 vaikuttaa, ett\u00e4 kaksi set\u00e4\u00e4ni olivat taistelulent\u00e4ji\u00e4, jotka kuolivat sotiemme aikana. Malmi kunnioittaa my\u00f6s heid\u00e4n muistoaan. Suvussa on aktiivisia ilmailun harrastajia my\u00f6s uusissa sukupolvissa. He mahdollistavat harrastuksensa mm. talkooty\u00f6ll\u00e4 , ei mill\u00e4\u00e4n \u00f6kytuloilla.<\/p>\n<p>S\u00e4hk\u00f6postiosoite: <a href=\"mailto:msjutila@gmail.com\">msjutila@gmail.com<\/a><\/p>\n","protected":false},"excerpt":{"rendered":"<p>Helsingin kokoisella kaupungilla toki pit\u00e4\u00e4 olla oma lentokentt\u00e4 puhumattakaan siit\u00e4, ett\u00e4 Malmi on historiallinen kulttuuri- ja luontoymp\u00e4rist\u00f6. Samalla se on dynaaminen yritys- ja ty\u00f6paikka-alue ja my\u00f6s kiinnostava n\u00e4ht\u00e4vyys. Tulevaisuudessa lent\u00e4minen saattaa olla jopa ekologisin liikennemuoto. My\u00f6s ilmailun harrastajille pit\u00e4\u00e4 tasavertaisuudenkin takia olla lentokentt\u00e4ns\u00e4, onhan purjehtijoillakin satamansa, golffareilla ja futaajilla omat kentt\u00e4ns\u00e4 jne. Asenteisiini ehk\u00e4 vaikuttaa, &hellip; <a href=\"https:\/\/www.malmivaalit.fi\/kuntavaalit2017\/markku-jutila\/\" class=\"more-link\">Continue reading <span class=\"screen-reader-text\">Markku Jutila<\/span><\/a><\/p>\n","protected":false},"author":1,"featured_media":0,"comment_status":"closed","ping_status":"open","sticky":false,"template":"","format":"standard","meta":{"footnotes":""},"categories":[1],"tags":[],"puolue":[37],"kyselyvastaus":[21],"kunta":[27],"_links":{"self":[{"href":"https:\/\/www.malmivaalit.fi\/kuntavaalit2017\/wp-json\/wp\/v2\/posts\/1489"}],"collection":[{"href":"https:\/\/www.malmivaalit.fi\/kuntavaalit2017\/wp-json\/wp\/v2\/posts"}],"about":[{"href":"https:\/\/www.malmivaalit.fi\/kuntavaalit2017\/wp-json\/wp\/v2\/types\/post"}],"author":[{"embeddable":true,"href":"https:\/\/www.malmivaalit.fi\/kuntavaalit2017\/wp-json\/wp\/v2\/users\/1"}],"replies":[{"embeddable":true,"href":"https:\/\/www.malmivaalit.fi\/kuntavaalit2017\/wp-json\/wp\/v2\/comments?post=1489"}],"version-history":[{"count":0,"href":"https:\/\/www.malmivaalit.fi\/kuntavaalit2017\/wp-json\/wp\/v2\/posts\/1489\/revisions"}],"wp:attachment":[{"href":"https:\/\/www.malmivaalit.fi\/kuntavaalit2017\/wp-json\/wp\/v2\/media?parent=1489"}],"wp:term":[{"taxonomy":"category","embeddable":true,"href":"https:\/\/www.malmivaalit.fi\/kuntavaalit2017\/wp-json\/wp\/v2\/categories?post=1489"},{"taxonomy":"post_tag","embeddable":true,"href":"https:\/\/www.malmivaalit.fi\/kuntavaalit2017\/wp-json\/wp\/v2\/tags?post=1489"},{"taxonomy":"puolue","embeddable":true,"href":"https:\/\/www.malmivaalit.fi\/kuntavaalit2017\/wp-json\/wp\/v2\/puolue?post=1489"},{"taxonomy":"kyselyvastaus","embeddable":true,"href":"https:\/\/www.malmivaalit.fi\/kuntavaalit2017\/wp-json\/wp\/v2\/kyselyvastaus?post=1489"},{"taxonomy":"kunta","embeddable":true,"href":"https:\/\/www.malmivaalit.fi\/kuntavaalit2017\/wp-json\/wp\/v2\/kunta?post=1489"}],"curies":[{"name":"wp","href":"https:\/\/api.w.org\/{rel}","templated":true}]}}