{"id":1791,"date":"2017-03-10T01:01:30","date_gmt":"2017-03-09T23:01:30","guid":{"rendered":"https:\/\/www.malmivaalit.fi\/kuntavaalit2017\/vaula-norrena\/"},"modified":"2017-03-14T00:31:31","modified_gmt":"2017-03-13T22:31:31","slug":"vaula-norrena","status":"publish","type":"post","link":"https:\/\/www.malmivaalit.fi\/kuntavaalit2017\/vaula-norrena\/","title":{"rendered":"Vaula Norrena"},"content":{"rendered":"<p>Ainutlaatuisen arvokas \u2013 ja sit\u00e4paitsi edelleen toimiva ja tuottava lentokentt\u00e4 pit\u00e4\u00e4 s\u00e4ilytt\u00e4\u00e4!<br \/>\nAsuntoja voi rakentaa mille pellolle tahansa \u2013 joita Helsingill\u00e4kin on alueellaan kuulemma tuhat hehtaaria, noin 10 kertaa Malmin lentokent\u00e4n alue ainakin.<br \/>\nMalmin lentokentt\u00e4 on my\u00f6s valittu Euroopan uhanlaisimpien kulttuuriperint\u00f6kohteiden joukkoon.<br \/>\nSiis koko Euroopan, ei Suomen eik\u00e4 Helsingin.<br \/>\nEi Helsingin kaupunginvaltuustolla voi olla p\u00e4\u00e4t\u00f6svaltaa tuhota koko Euroopan mittakaavassa t\u00e4rke\u00e4\u00e4 kulttuuriperint\u00f6kohdetta. (Helsingin p\u00e4\u00e4t\u00f6s 30.3.2016)<br \/>\nVantaalaisena vihre\u00e4n\u00e4 kyll\u00e4 h\u00e4vett\u00e4\u00e4 Helsingin vihreiden t\u00f6rtt\u00f6ily &#8211; onneksi Jarmo Niemisell\u00e4 on j\u00e4rki p\u00e4\u00e4ss\u00e4 Helsingiss\u00e4.<br \/>\n<a href=\"http:\/\/www.vaulanorrena.com\/stoppi-tuhovimmalle-helsingissa\/\" target=\"_blank\" data-saferedirecturl=\"https:\/\/www.google.com\/url?hl=fi&amp;q=http:\/\/www.vaulanorrena.com\/stoppi-tuhovimmalle-helsingissa\/&amp;source=gmail&amp;ust=1489530523966000&amp;usg=AFQjCNH671Io5UOK9NjFxK8efr3LO3EMgw\">http:\/\/www.vaulanorrena.com\/<wbr \/>stoppi-tuhovimmalle-<wbr \/>helsingissa\/<\/a><br \/>\nVaula Norrena, yritt\u00e4j\u00e4, kaupunginvaltuutettu, Vantaa<br \/>\nVihre\u00e4t 198<\/p>\n<table cellspacing=\"0\" cellpadding=\"0\">\n<tbody>\n<tr>\n<td>WWW-sivujen osoite<\/td>\n<td><a href=\"http:\/\/www.vaulanorrena.com\/\" target=\"_blank\" data-saferedirecturl=\"https:\/\/www.google.com\/url?hl=fi&amp;q=http:\/\/www.vaulanorrena.com&amp;source=gmail&amp;ust=1489530523966000&amp;usg=AFQjCNFB1V80Pjc_ffTlZj-2HwqeeqxtYQ\">www.vaulanorrena.com<\/a><\/td>\n<\/tr>\n<\/tbody>\n<\/table>\n","protected":false},"excerpt":{"rendered":"<p>Ainutlaatuisen arvokas \u2013 ja sit\u00e4paitsi edelleen toimiva ja tuottava lentokentt\u00e4 pit\u00e4\u00e4 s\u00e4ilytt\u00e4\u00e4! Asuntoja voi rakentaa mille pellolle tahansa \u2013 joita Helsingill\u00e4kin on alueellaan kuulemma tuhat hehtaaria, noin 10 kertaa Malmin lentokent\u00e4n alue ainakin. Malmin lentokentt\u00e4 on my\u00f6s valittu Euroopan uhanlaisimpien kulttuuriperint\u00f6kohteiden joukkoon. Siis koko Euroopan, ei Suomen eik\u00e4 Helsingin. Ei Helsingin kaupunginvaltuustolla voi olla p\u00e4\u00e4t\u00f6svaltaa &hellip; <a href=\"https:\/\/www.malmivaalit.fi\/kuntavaalit2017\/vaula-norrena\/\" class=\"more-link\">Continue reading <span class=\"screen-reader-text\">Vaula Norrena<\/span><\/a><\/p>\n","protected":false},"author":1,"featured_media":0,"comment_status":"closed","ping_status":"open","sticky":false,"template":"","format":"standard","meta":{"footnotes":""},"categories":[1],"tags":[],"puolue":[31],"kyselyvastaus":[21],"kunta":[44],"_links":{"self":[{"href":"https:\/\/www.malmivaalit.fi\/kuntavaalit2017\/wp-json\/wp\/v2\/posts\/1791"}],"collection":[{"href":"https:\/\/www.malmivaalit.fi\/kuntavaalit2017\/wp-json\/wp\/v2\/posts"}],"about":[{"href":"https:\/\/www.malmivaalit.fi\/kuntavaalit2017\/wp-json\/wp\/v2\/types\/post"}],"author":[{"embeddable":true,"href":"https:\/\/www.malmivaalit.fi\/kuntavaalit2017\/wp-json\/wp\/v2\/users\/1"}],"replies":[{"embeddable":true,"href":"https:\/\/www.malmivaalit.fi\/kuntavaalit2017\/wp-json\/wp\/v2\/comments?post=1791"}],"version-history":[{"count":0,"href":"https:\/\/www.malmivaalit.fi\/kuntavaalit2017\/wp-json\/wp\/v2\/posts\/1791\/revisions"}],"wp:attachment":[{"href":"https:\/\/www.malmivaalit.fi\/kuntavaalit2017\/wp-json\/wp\/v2\/media?parent=1791"}],"wp:term":[{"taxonomy":"category","embeddable":true,"href":"https:\/\/www.malmivaalit.fi\/kuntavaalit2017\/wp-json\/wp\/v2\/categories?post=1791"},{"taxonomy":"post_tag","embeddable":true,"href":"https:\/\/www.malmivaalit.fi\/kuntavaalit2017\/wp-json\/wp\/v2\/tags?post=1791"},{"taxonomy":"puolue","embeddable":true,"href":"https:\/\/www.malmivaalit.fi\/kuntavaalit2017\/wp-json\/wp\/v2\/puolue?post=1791"},{"taxonomy":"kyselyvastaus","embeddable":true,"href":"https:\/\/www.malmivaalit.fi\/kuntavaalit2017\/wp-json\/wp\/v2\/kyselyvastaus?post=1791"},{"taxonomy":"kunta","embeddable":true,"href":"https:\/\/www.malmivaalit.fi\/kuntavaalit2017\/wp-json\/wp\/v2\/kunta?post=1791"}],"curies":[{"name":"wp","href":"https:\/\/api.w.org\/{rel}","templated":true}]}}