{"id":2723,"date":"2017-03-10T18:15:44","date_gmt":"2017-03-10T16:15:44","guid":{"rendered":"https:\/\/www.malmivaalit.fi\/kuntavaalit2017\/anneli-ronnberg\/"},"modified":"2017-03-28T09:31:43","modified_gmt":"2017-03-28T06:31:43","slug":"anneli-ronnberg","status":"publish","type":"post","link":"https:\/\/www.malmivaalit.fi\/kuntavaalit2017\/anneli-ronnberg\/","title":{"rendered":"Anneli R\u00f6nnberg"},"content":{"rendered":"<p>T\u00e4rke\u00e4 ilmasta k\u00e4sin valvomiseen, turvallisuus ja sairastumiset, nopea hoiton p\u00e4\u00e4sy. Jotkut haluavat my\u00f6s pienlentoa harrastaa, pit\u00e4\u00e4 pienlupakirjan voimassa. Tukea tulee saada yll\u00e4pitoon valtion tai muun rahoituksen kautta, Malmin lentoaseman korjaus kustannukseen ja radan kunnostamiseen.<\/p>\n","protected":false},"excerpt":{"rendered":"<p>T\u00e4rke\u00e4 ilmasta k\u00e4sin valvomiseen, turvallisuus ja sairastumiset, nopea hoiton p\u00e4\u00e4sy. Jotkut haluavat my\u00f6s pienlentoa harrastaa, pit\u00e4\u00e4 pienlupakirjan voimassa. Tukea tulee saada yll\u00e4pitoon valtion tai muun rahoituksen kautta, Malmin lentoaseman korjaus kustannukseen ja radan kunnostamiseen.<\/p>\n","protected":false},"author":1,"featured_media":0,"comment_status":"closed","ping_status":"open","sticky":false,"template":"","format":"standard","meta":{"footnotes":""},"categories":[1],"tags":[],"puolue":[29],"kyselyvastaus":[21],"kunta":[48],"_links":{"self":[{"href":"https:\/\/www.malmivaalit.fi\/kuntavaalit2017\/wp-json\/wp\/v2\/posts\/2723"}],"collection":[{"href":"https:\/\/www.malmivaalit.fi\/kuntavaalit2017\/wp-json\/wp\/v2\/posts"}],"about":[{"href":"https:\/\/www.malmivaalit.fi\/kuntavaalit2017\/wp-json\/wp\/v2\/types\/post"}],"author":[{"embeddable":true,"href":"https:\/\/www.malmivaalit.fi\/kuntavaalit2017\/wp-json\/wp\/v2\/users\/1"}],"replies":[{"embeddable":true,"href":"https:\/\/www.malmivaalit.fi\/kuntavaalit2017\/wp-json\/wp\/v2\/comments?post=2723"}],"version-history":[{"count":0,"href":"https:\/\/www.malmivaalit.fi\/kuntavaalit2017\/wp-json\/wp\/v2\/posts\/2723\/revisions"}],"wp:attachment":[{"href":"https:\/\/www.malmivaalit.fi\/kuntavaalit2017\/wp-json\/wp\/v2\/media?parent=2723"}],"wp:term":[{"taxonomy":"category","embeddable":true,"href":"https:\/\/www.malmivaalit.fi\/kuntavaalit2017\/wp-json\/wp\/v2\/categories?post=2723"},{"taxonomy":"post_tag","embeddable":true,"href":"https:\/\/www.malmivaalit.fi\/kuntavaalit2017\/wp-json\/wp\/v2\/tags?post=2723"},{"taxonomy":"puolue","embeddable":true,"href":"https:\/\/www.malmivaalit.fi\/kuntavaalit2017\/wp-json\/wp\/v2\/puolue?post=2723"},{"taxonomy":"kyselyvastaus","embeddable":true,"href":"https:\/\/www.malmivaalit.fi\/kuntavaalit2017\/wp-json\/wp\/v2\/kyselyvastaus?post=2723"},{"taxonomy":"kunta","embeddable":true,"href":"https:\/\/www.malmivaalit.fi\/kuntavaalit2017\/wp-json\/wp\/v2\/kunta?post=2723"}],"curies":[{"name":"wp","href":"https:\/\/api.w.org\/{rel}","templated":true}]}}