{"id":2852,"date":"2017-03-10T18:22:13","date_gmt":"2017-03-10T16:22:13","guid":{"rendered":"https:\/\/www.malmivaalit.fi\/kuntavaalit2017\/mervi-syvaranta\/"},"modified":"2017-03-19T11:08:05","modified_gmt":"2017-03-19T09:08:05","slug":"mervi-syvaranta","status":"publish","type":"post","link":"https:\/\/www.malmivaalit.fi\/kuntavaalit2017\/mervi-syvaranta\/","title":{"rendered":"Mervi Syv\u00e4ranta"},"content":{"rendered":"<p>P\u00e4\u00e4kaupunkiseudulla pit\u00e4\u00e4 olla kaksi toimivaa lentokentt\u00e4\u00e4. Malmin kentt\u00e4 on merkitt\u00e4v\u00e4 mm. koulutuskentt\u00e4n\u00e4 ja liike-el\u00e4m\u00e4lle.<\/p>\n<p>WWW-sivujen osoite:<a href=\"http:\/\/www.mervihannele.fi\/\" target=\"_blank\" rel=\"noreferrer\">www.mervihannele.fi<\/a><\/p>\n<p>S\u00e4hk\u00f6postiosoite: <a href=\"mailto:me@mervihannele.fi\">me@mervihannele.fi<\/a><\/p>\n","protected":false},"excerpt":{"rendered":"<p>P\u00e4\u00e4kaupunkiseudulla pit\u00e4\u00e4 olla kaksi toimivaa lentokentt\u00e4\u00e4. Malmin kentt\u00e4 on merkitt\u00e4v\u00e4 mm. koulutuskentt\u00e4n\u00e4 ja liike-el\u00e4m\u00e4lle. WWW-sivujen osoite:www.mervihannele.fi S\u00e4hk\u00f6postiosoite: me@mervihannele.fi<\/p>\n","protected":false},"author":1,"featured_media":0,"comment_status":"closed","ping_status":"open","sticky":false,"template":"","format":"standard","meta":{"footnotes":""},"categories":[1],"tags":[],"puolue":[32],"kyselyvastaus":[21],"kunta":[48],"_links":{"self":[{"href":"https:\/\/www.malmivaalit.fi\/kuntavaalit2017\/wp-json\/wp\/v2\/posts\/2852"}],"collection":[{"href":"https:\/\/www.malmivaalit.fi\/kuntavaalit2017\/wp-json\/wp\/v2\/posts"}],"about":[{"href":"https:\/\/www.malmivaalit.fi\/kuntavaalit2017\/wp-json\/wp\/v2\/types\/post"}],"author":[{"embeddable":true,"href":"https:\/\/www.malmivaalit.fi\/kuntavaalit2017\/wp-json\/wp\/v2\/users\/1"}],"replies":[{"embeddable":true,"href":"https:\/\/www.malmivaalit.fi\/kuntavaalit2017\/wp-json\/wp\/v2\/comments?post=2852"}],"version-history":[{"count":0,"href":"https:\/\/www.malmivaalit.fi\/kuntavaalit2017\/wp-json\/wp\/v2\/posts\/2852\/revisions"}],"wp:attachment":[{"href":"https:\/\/www.malmivaalit.fi\/kuntavaalit2017\/wp-json\/wp\/v2\/media?parent=2852"}],"wp:term":[{"taxonomy":"category","embeddable":true,"href":"https:\/\/www.malmivaalit.fi\/kuntavaalit2017\/wp-json\/wp\/v2\/categories?post=2852"},{"taxonomy":"post_tag","embeddable":true,"href":"https:\/\/www.malmivaalit.fi\/kuntavaalit2017\/wp-json\/wp\/v2\/tags?post=2852"},{"taxonomy":"puolue","embeddable":true,"href":"https:\/\/www.malmivaalit.fi\/kuntavaalit2017\/wp-json\/wp\/v2\/puolue?post=2852"},{"taxonomy":"kyselyvastaus","embeddable":true,"href":"https:\/\/www.malmivaalit.fi\/kuntavaalit2017\/wp-json\/wp\/v2\/kyselyvastaus?post=2852"},{"taxonomy":"kunta","embeddable":true,"href":"https:\/\/www.malmivaalit.fi\/kuntavaalit2017\/wp-json\/wp\/v2\/kunta?post=2852"}],"curies":[{"name":"wp","href":"https:\/\/api.w.org\/{rel}","templated":true}]}}