{"id":3109,"date":"2017-03-11T17:02:05","date_gmt":"2017-03-11T15:02:05","guid":{"rendered":"https:\/\/www.malmivaalit.fi\/kuntavaalit2017\/ella-kamarainen\/"},"modified":"2017-03-11T17:02:05","modified_gmt":"2017-03-11T15:02:05","slug":"ella-kamarainen","status":"publish","type":"post","link":"https:\/\/www.malmivaalit.fi\/kuntavaalit2017\/ella-kamarainen\/","title":{"rendered":"Ella K\u00e4m\u00e4r\u00e4inen"},"content":{"rendered":"","protected":false},"excerpt":{"rendered":"","protected":false},"author":1,"featured_media":0,"comment_status":"closed","ping_status":"open","sticky":false,"template":"","format":"standard","meta":{"footnotes":""},"categories":[1],"tags":[],"puolue":[28],"kyselyvastaus":[23],"kunta":[54],"_links":{"self":[{"href":"https:\/\/www.malmivaalit.fi\/kuntavaalit2017\/wp-json\/wp\/v2\/posts\/3109"}],"collection":[{"href":"https:\/\/www.malmivaalit.fi\/kuntavaalit2017\/wp-json\/wp\/v2\/posts"}],"about":[{"href":"https:\/\/www.malmivaalit.fi\/kuntavaalit2017\/wp-json\/wp\/v2\/types\/post"}],"author":[{"embeddable":true,"href":"https:\/\/www.malmivaalit.fi\/kuntavaalit2017\/wp-json\/wp\/v2\/users\/1"}],"replies":[{"embeddable":true,"href":"https:\/\/www.malmivaalit.fi\/kuntavaalit2017\/wp-json\/wp\/v2\/comments?post=3109"}],"version-history":[{"count":0,"href":"https:\/\/www.malmivaalit.fi\/kuntavaalit2017\/wp-json\/wp\/v2\/posts\/3109\/revisions"}],"wp:attachment":[{"href":"https:\/\/www.malmivaalit.fi\/kuntavaalit2017\/wp-json\/wp\/v2\/media?parent=3109"}],"wp:term":[{"taxonomy":"category","embeddable":true,"href":"https:\/\/www.malmivaalit.fi\/kuntavaalit2017\/wp-json\/wp\/v2\/categories?post=3109"},{"taxonomy":"post_tag","embeddable":true,"href":"https:\/\/www.malmivaalit.fi\/kuntavaalit2017\/wp-json\/wp\/v2\/tags?post=3109"},{"taxonomy":"puolue","embeddable":true,"href":"https:\/\/www.malmivaalit.fi\/kuntavaalit2017\/wp-json\/wp\/v2\/puolue?post=3109"},{"taxonomy":"kyselyvastaus","embeddable":true,"href":"https:\/\/www.malmivaalit.fi\/kuntavaalit2017\/wp-json\/wp\/v2\/kyselyvastaus?post=3109"},{"taxonomy":"kunta","embeddable":true,"href":"https:\/\/www.malmivaalit.fi\/kuntavaalit2017\/wp-json\/wp\/v2\/kunta?post=3109"}],"curies":[{"name":"wp","href":"https:\/\/api.w.org\/{rel}","templated":true}]}}