{"id":3973,"date":"2017-03-11T18:05:25","date_gmt":"2017-03-11T16:05:25","guid":{"rendered":"https:\/\/www.malmivaalit.fi\/kuntavaalit2017\/leena-riikonen\/"},"modified":"2017-03-12T09:07:35","modified_gmt":"2017-03-12T07:07:35","slug":"leena-riikonen","status":"publish","type":"post","link":"https:\/\/www.malmivaalit.fi\/kuntavaalit2017\/leena-riikonen\/","title":{"rendered":"Leena Riikonen"},"content":{"rendered":"<p>Olen aikaisemmin asunut Helsingiss\u00e4. Kannatan monimuotoista kaupunkikuvaa. Malmille ei en\u00e4\u00e4 pid\u00e4 tupata 20 000 asukasta lis\u00e4\u00e4 vuokrakerrostaloihin. Malmi on alue, jossa on ennest\u00e4\u00e4n paljon sosiaalisia ongelmia ja juurettomuutta.<\/p>\n<p>Miten olisi Vuosaaren pohjoispuolella olevat pellot ja sielt\u00e4 liitynt\u00e4bussit Vuosaaren metroasemalle?<\/p>\n","protected":false},"excerpt":{"rendered":"<p>Olen aikaisemmin asunut Helsingiss\u00e4. Kannatan monimuotoista kaupunkikuvaa. Malmille ei en\u00e4\u00e4 pid\u00e4 tupata 20 000 asukasta lis\u00e4\u00e4 vuokrakerrostaloihin. Malmi on alue, jossa on ennest\u00e4\u00e4n paljon sosiaalisia ongelmia ja juurettomuutta. Miten olisi Vuosaaren pohjoispuolella olevat pellot ja sielt\u00e4 liitynt\u00e4bussit Vuosaaren metroasemalle?<\/p>\n","protected":false},"author":1,"featured_media":0,"comment_status":"closed","ping_status":"open","sticky":false,"template":"","format":"standard","meta":{"footnotes":""},"categories":[1],"tags":[],"puolue":[32],"kyselyvastaus":[21],"kunta":[58],"_links":{"self":[{"href":"https:\/\/www.malmivaalit.fi\/kuntavaalit2017\/wp-json\/wp\/v2\/posts\/3973"}],"collection":[{"href":"https:\/\/www.malmivaalit.fi\/kuntavaalit2017\/wp-json\/wp\/v2\/posts"}],"about":[{"href":"https:\/\/www.malmivaalit.fi\/kuntavaalit2017\/wp-json\/wp\/v2\/types\/post"}],"author":[{"embeddable":true,"href":"https:\/\/www.malmivaalit.fi\/kuntavaalit2017\/wp-json\/wp\/v2\/users\/1"}],"replies":[{"embeddable":true,"href":"https:\/\/www.malmivaalit.fi\/kuntavaalit2017\/wp-json\/wp\/v2\/comments?post=3973"}],"version-history":[{"count":0,"href":"https:\/\/www.malmivaalit.fi\/kuntavaalit2017\/wp-json\/wp\/v2\/posts\/3973\/revisions"}],"wp:attachment":[{"href":"https:\/\/www.malmivaalit.fi\/kuntavaalit2017\/wp-json\/wp\/v2\/media?parent=3973"}],"wp:term":[{"taxonomy":"category","embeddable":true,"href":"https:\/\/www.malmivaalit.fi\/kuntavaalit2017\/wp-json\/wp\/v2\/categories?post=3973"},{"taxonomy":"post_tag","embeddable":true,"href":"https:\/\/www.malmivaalit.fi\/kuntavaalit2017\/wp-json\/wp\/v2\/tags?post=3973"},{"taxonomy":"puolue","embeddable":true,"href":"https:\/\/www.malmivaalit.fi\/kuntavaalit2017\/wp-json\/wp\/v2\/puolue?post=3973"},{"taxonomy":"kyselyvastaus","embeddable":true,"href":"https:\/\/www.malmivaalit.fi\/kuntavaalit2017\/wp-json\/wp\/v2\/kyselyvastaus?post=3973"},{"taxonomy":"kunta","embeddable":true,"href":"https:\/\/www.malmivaalit.fi\/kuntavaalit2017\/wp-json\/wp\/v2\/kunta?post=3973"}],"curies":[{"name":"wp","href":"https:\/\/api.w.org\/{rel}","templated":true}]}}