{"id":4110,"date":"2017-03-11T18:16:29","date_gmt":"2017-03-11T16:16:29","guid":{"rendered":"https:\/\/www.malmivaalit.fi\/kuntavaalit2017\/vesa-pekka-sainio\/"},"modified":"2017-03-31T08:34:26","modified_gmt":"2017-03-31T05:34:26","slug":"vesa-pekka-sainio","status":"publish","type":"post","link":"https:\/\/www.malmivaalit.fi\/kuntavaalit2017\/vesa-pekka-sainio\/","title":{"rendered":"Vesa-Pekka Sainio"},"content":{"rendered":"<p>Historia, sijainti ja korkea k\u00e4ytt\u00f6aste ovat Malmin ilmailuk\u00e4yt\u00f6n s\u00e4ilytt\u00e4misen p\u00e4\u00e4asialliset perustelut. En ole helsinkil\u00e4inen, mutta eih\u00e4n Malmin kentt\u00e4 yksin heit\u00e4 palvele. Kent\u00e4ll\u00e4 on todella suuri merkitys koko Uudenmaan n\u00e4k\u00f6kulmasta katsottuna.<\/p>\n","protected":false},"excerpt":{"rendered":"<p>Historia, sijainti ja korkea k\u00e4ytt\u00f6aste ovat Malmin ilmailuk\u00e4yt\u00f6n s\u00e4ilytt\u00e4misen p\u00e4\u00e4asialliset perustelut. En ole helsinkil\u00e4inen, mutta eih\u00e4n Malmin kentt\u00e4 yksin heit\u00e4 palvele. Kent\u00e4ll\u00e4 on todella suuri merkitys koko Uudenmaan n\u00e4k\u00f6kulmasta katsottuna.<\/p>\n","protected":false},"author":1,"featured_media":0,"comment_status":"closed","ping_status":"open","sticky":false,"template":"","format":"standard","meta":{"footnotes":""},"categories":[1],"tags":[],"puolue":[32],"kyselyvastaus":[21],"kunta":[59],"_links":{"self":[{"href":"https:\/\/www.malmivaalit.fi\/kuntavaalit2017\/wp-json\/wp\/v2\/posts\/4110"}],"collection":[{"href":"https:\/\/www.malmivaalit.fi\/kuntavaalit2017\/wp-json\/wp\/v2\/posts"}],"about":[{"href":"https:\/\/www.malmivaalit.fi\/kuntavaalit2017\/wp-json\/wp\/v2\/types\/post"}],"author":[{"embeddable":true,"href":"https:\/\/www.malmivaalit.fi\/kuntavaalit2017\/wp-json\/wp\/v2\/users\/1"}],"replies":[{"embeddable":true,"href":"https:\/\/www.malmivaalit.fi\/kuntavaalit2017\/wp-json\/wp\/v2\/comments?post=4110"}],"version-history":[{"count":0,"href":"https:\/\/www.malmivaalit.fi\/kuntavaalit2017\/wp-json\/wp\/v2\/posts\/4110\/revisions"}],"wp:attachment":[{"href":"https:\/\/www.malmivaalit.fi\/kuntavaalit2017\/wp-json\/wp\/v2\/media?parent=4110"}],"wp:term":[{"taxonomy":"category","embeddable":true,"href":"https:\/\/www.malmivaalit.fi\/kuntavaalit2017\/wp-json\/wp\/v2\/categories?post=4110"},{"taxonomy":"post_tag","embeddable":true,"href":"https:\/\/www.malmivaalit.fi\/kuntavaalit2017\/wp-json\/wp\/v2\/tags?post=4110"},{"taxonomy":"puolue","embeddable":true,"href":"https:\/\/www.malmivaalit.fi\/kuntavaalit2017\/wp-json\/wp\/v2\/puolue?post=4110"},{"taxonomy":"kyselyvastaus","embeddable":true,"href":"https:\/\/www.malmivaalit.fi\/kuntavaalit2017\/wp-json\/wp\/v2\/kyselyvastaus?post=4110"},{"taxonomy":"kunta","embeddable":true,"href":"https:\/\/www.malmivaalit.fi\/kuntavaalit2017\/wp-json\/wp\/v2\/kunta?post=4110"}],"curies":[{"name":"wp","href":"https:\/\/api.w.org\/{rel}","templated":true}]}}