{"id":649,"date":"2017-03-10T00:01:19","date_gmt":"2017-03-09T22:01:19","guid":{"rendered":"https:\/\/www.malmivaalit.fi\/kuntavaalit2017\/linda-ahlblad\/"},"modified":"2017-03-14T22:16:49","modified_gmt":"2017-03-14T20:16:49","slug":"linda-ahlblad","status":"publish","type":"post","link":"https:\/\/www.malmivaalit.fi\/kuntavaalit2017\/linda-ahlblad\/","title":{"rendered":"Linda Ahlblad"},"content":{"rendered":"<table cellspacing=\"0\" cellpadding=\"0\">\n<tbody>\n<tr>\n<td>Helsingin tulee olla varautunut poikkeusoloihin. Helsingfors b\u00f6r ha beredskap f\u00f6r undantagsf\u00f6rh\u00e5llanden.<\/td>\n<\/tr>\n<tr>\n<td>WWW-sivujen osoite<\/td>\n<td><a href=\"http:\/\/www.lindaahlblad.fi\/\" target=\"_blank\" data-saferedirecturl=\"https:\/\/www.google.com\/url?hl=fi&amp;q=http:\/\/www.lindaahlblad.fi&amp;source=gmail&amp;ust=1489607131300000&amp;usg=AFQjCNFjNXvCDb12UjuJ_pwjLe4qi_3YlQ\">http:\/\/www.lindaahlblad.fi<\/a><\/td>\n<\/tr>\n<tr>\n<td>S\u00e4hk\u00f6postiosoite<\/td>\n<td><a href=\"mailto:linda@lindaahlblad.fi\" target=\"_blank\">linda@lindaahlblad.fi<\/a><\/td>\n<\/tr>\n<\/tbody>\n<\/table>\n","protected":false},"excerpt":{"rendered":"<p>Helsingin tulee olla varautunut poikkeusoloihin. Helsingfors b\u00f6r ha beredskap f\u00f6r undantagsf\u00f6rh\u00e5llanden. WWW-sivujen osoite http:\/\/www.lindaahlblad.fi S\u00e4hk\u00f6postiosoite linda@lindaahlblad.fi<\/p>\n","protected":false},"author":1,"featured_media":0,"comment_status":"closed","ping_status":"open","sticky":false,"template":"","format":"standard","meta":{"footnotes":""},"categories":[1],"tags":[],"puolue":[26],"kyselyvastaus":[21],"kunta":[27],"_links":{"self":[{"href":"https:\/\/www.malmivaalit.fi\/kuntavaalit2017\/wp-json\/wp\/v2\/posts\/649"}],"collection":[{"href":"https:\/\/www.malmivaalit.fi\/kuntavaalit2017\/wp-json\/wp\/v2\/posts"}],"about":[{"href":"https:\/\/www.malmivaalit.fi\/kuntavaalit2017\/wp-json\/wp\/v2\/types\/post"}],"author":[{"embeddable":true,"href":"https:\/\/www.malmivaalit.fi\/kuntavaalit2017\/wp-json\/wp\/v2\/users\/1"}],"replies":[{"embeddable":true,"href":"https:\/\/www.malmivaalit.fi\/kuntavaalit2017\/wp-json\/wp\/v2\/comments?post=649"}],"version-history":[{"count":0,"href":"https:\/\/www.malmivaalit.fi\/kuntavaalit2017\/wp-json\/wp\/v2\/posts\/649\/revisions"}],"wp:attachment":[{"href":"https:\/\/www.malmivaalit.fi\/kuntavaalit2017\/wp-json\/wp\/v2\/media?parent=649"}],"wp:term":[{"taxonomy":"category","embeddable":true,"href":"https:\/\/www.malmivaalit.fi\/kuntavaalit2017\/wp-json\/wp\/v2\/categories?post=649"},{"taxonomy":"post_tag","embeddable":true,"href":"https:\/\/www.malmivaalit.fi\/kuntavaalit2017\/wp-json\/wp\/v2\/tags?post=649"},{"taxonomy":"puolue","embeddable":true,"href":"https:\/\/www.malmivaalit.fi\/kuntavaalit2017\/wp-json\/wp\/v2\/puolue?post=649"},{"taxonomy":"kyselyvastaus","embeddable":true,"href":"https:\/\/www.malmivaalit.fi\/kuntavaalit2017\/wp-json\/wp\/v2\/kyselyvastaus?post=649"},{"taxonomy":"kunta","embeddable":true,"href":"https:\/\/www.malmivaalit.fi\/kuntavaalit2017\/wp-json\/wp\/v2\/kunta?post=649"}],"curies":[{"name":"wp","href":"https:\/\/api.w.org\/{rel}","templated":true}]}}