{"id":665,"date":"2017-03-10T00:02:28","date_gmt":"2017-03-09T22:02:28","guid":{"rendered":"https:\/\/www.malmivaalit.fi\/kuntavaalit2017\/laura-finne-elonen\/"},"modified":"2017-03-12T10:47:14","modified_gmt":"2017-03-12T08:47:14","slug":"laura-finne-elonen","status":"publish","type":"post","link":"https:\/\/www.malmivaalit.fi\/kuntavaalit2017\/laura-finne-elonen\/","title":{"rendered":"Laura Finne-Elonen"},"content":{"rendered":"<p>Kentt\u00e4 on nyt eritt\u00e4in t\u00e4rke\u00e4 koulutuksen, liikelentojen, pelastustoiminnan ja ilmailuharrastuksen k\u00e4yt\u00f6ss\u00e4. Emme tied\u00e4 mit\u00e4 kaikkia mahdollisuuksia tulevaisuuden kehitys tuo ilmailuun ja liikkumiseen joten siit\u00e4kin n\u00e4k\u00f6kulmasta Malmin lentoasema on t\u00e4rke\u00e4 s\u00e4ilytt\u00e4\u00e4 kun vastaavaa paikkaa ei ole mahdollista l\u00f6yt\u00e4\u00e4 n\u00e4in keskeisell\u00e4 paikalla. Kaupunkia tulee mielest\u00e4ni kehitt\u00e4\u00e4 monipuolisena ja monimuotoisena ja siin\u00e4 kentt\u00e4 on yksi elementti. Pit\u00e4\u00e4 my\u00f6s ottaa huomioon kentt\u00e4\u00e4 ymp\u00e4r\u00f6iv\u00e4t virkistysalueet jotka ovat vaarassa h\u00e4vit\u00e4 jos kentt\u00e4 muutetaan asuntoalueeksi.<\/p>\n<table cellspacing=\"0\" cellpadding=\"0\">\n<tbody>\n<tr>\n<td><\/td>\n<\/tr>\n<tr>\n<td>S\u00e4hk\u00f6postiosoite<\/td>\n<td><a href=\"mailto:laura.finne@fimnet.fi\" target=\"_blank\">laura.finne@fimnet.fi<\/a><\/td>\n<\/tr>\n<\/tbody>\n<\/table>\n","protected":false},"excerpt":{"rendered":"<p>Kentt\u00e4 on nyt eritt\u00e4in t\u00e4rke\u00e4 koulutuksen, liikelentojen, pelastustoiminnan ja ilmailuharrastuksen k\u00e4yt\u00f6ss\u00e4. Emme tied\u00e4 mit\u00e4 kaikkia mahdollisuuksia tulevaisuuden kehitys tuo ilmailuun ja liikkumiseen joten siit\u00e4kin n\u00e4k\u00f6kulmasta Malmin lentoasema on t\u00e4rke\u00e4 s\u00e4ilytt\u00e4\u00e4 kun vastaavaa paikkaa ei ole mahdollista l\u00f6yt\u00e4\u00e4 n\u00e4in keskeisell\u00e4 paikalla. Kaupunkia tulee mielest\u00e4ni kehitt\u00e4\u00e4 monipuolisena ja monimuotoisena ja siin\u00e4 kentt\u00e4 on yksi elementti. Pit\u00e4\u00e4 my\u00f6s &hellip; <a href=\"https:\/\/www.malmivaalit.fi\/kuntavaalit2017\/laura-finne-elonen\/\" class=\"more-link\">Continue reading <span class=\"screen-reader-text\">Laura Finne-Elonen<\/span><\/a><\/p>\n","protected":false},"author":1,"featured_media":0,"comment_status":"closed","ping_status":"open","sticky":false,"template":"","format":"standard","meta":{"footnotes":""},"categories":[1],"tags":[],"puolue":[26],"kyselyvastaus":[21],"kunta":[27],"_links":{"self":[{"href":"https:\/\/www.malmivaalit.fi\/kuntavaalit2017\/wp-json\/wp\/v2\/posts\/665"}],"collection":[{"href":"https:\/\/www.malmivaalit.fi\/kuntavaalit2017\/wp-json\/wp\/v2\/posts"}],"about":[{"href":"https:\/\/www.malmivaalit.fi\/kuntavaalit2017\/wp-json\/wp\/v2\/types\/post"}],"author":[{"embeddable":true,"href":"https:\/\/www.malmivaalit.fi\/kuntavaalit2017\/wp-json\/wp\/v2\/users\/1"}],"replies":[{"embeddable":true,"href":"https:\/\/www.malmivaalit.fi\/kuntavaalit2017\/wp-json\/wp\/v2\/comments?post=665"}],"version-history":[{"count":0,"href":"https:\/\/www.malmivaalit.fi\/kuntavaalit2017\/wp-json\/wp\/v2\/posts\/665\/revisions"}],"wp:attachment":[{"href":"https:\/\/www.malmivaalit.fi\/kuntavaalit2017\/wp-json\/wp\/v2\/media?parent=665"}],"wp:term":[{"taxonomy":"category","embeddable":true,"href":"https:\/\/www.malmivaalit.fi\/kuntavaalit2017\/wp-json\/wp\/v2\/categories?post=665"},{"taxonomy":"post_tag","embeddable":true,"href":"https:\/\/www.malmivaalit.fi\/kuntavaalit2017\/wp-json\/wp\/v2\/tags?post=665"},{"taxonomy":"puolue","embeddable":true,"href":"https:\/\/www.malmivaalit.fi\/kuntavaalit2017\/wp-json\/wp\/v2\/puolue?post=665"},{"taxonomy":"kyselyvastaus","embeddable":true,"href":"https:\/\/www.malmivaalit.fi\/kuntavaalit2017\/wp-json\/wp\/v2\/kyselyvastaus?post=665"},{"taxonomy":"kunta","embeddable":true,"href":"https:\/\/www.malmivaalit.fi\/kuntavaalit2017\/wp-json\/wp\/v2\/kunta?post=665"}],"curies":[{"name":"wp","href":"https:\/\/api.w.org\/{rel}","templated":true}]}}