{"id":697,"date":"2017-03-10T00:04:21","date_gmt":"2017-03-09T22:04:21","guid":{"rendered":"https:\/\/www.malmivaalit.fi\/kuntavaalit2017\/kristiina-michelsson\/"},"modified":"2017-03-14T22:20:43","modified_gmt":"2017-03-14T20:20:43","slug":"kristiina-michelsson","status":"publish","type":"post","link":"https:\/\/www.malmivaalit.fi\/kuntavaalit2017\/kristiina-michelsson\/","title":{"rendered":"Kristiina Michelsson"},"content":{"rendered":"<p>Malmin lentoasema on t\u00e4rke\u00e4 valmis infra kasvavalle p\u00e4\u00e4kaupungille . Kaavoittamiseen riitt\u00e4\u00e4 kaupungin alueella paljon muitakin vaihtoehtoja. Kent\u00e4n p\u00e4\u00e4rakennus edustaa tyylikk\u00e4sti funkisarkkitehtuuria ja on rakennushistoriallisesti merkitt\u00e4v\u00e4. Kevyen lentoliikenteen kent\u00e4t kuuluvat jokaisen metropolin palveluihin vastaavilla sijainnilla.<\/p>\n","protected":false},"excerpt":{"rendered":"<p>Malmin lentoasema on t\u00e4rke\u00e4 valmis infra kasvavalle p\u00e4\u00e4kaupungille . Kaavoittamiseen riitt\u00e4\u00e4 kaupungin alueella paljon muitakin vaihtoehtoja. Kent\u00e4n p\u00e4\u00e4rakennus edustaa tyylikk\u00e4sti funkisarkkitehtuuria ja on rakennushistoriallisesti merkitt\u00e4v\u00e4. Kevyen lentoliikenteen kent\u00e4t kuuluvat jokaisen metropolin palveluihin vastaavilla sijainnilla.<\/p>\n","protected":false},"author":1,"featured_media":0,"comment_status":"closed","ping_status":"open","sticky":false,"template":"","format":"standard","meta":{"footnotes":""},"categories":[1],"tags":[],"puolue":[26],"kyselyvastaus":[21],"kunta":[27],"_links":{"self":[{"href":"https:\/\/www.malmivaalit.fi\/kuntavaalit2017\/wp-json\/wp\/v2\/posts\/697"}],"collection":[{"href":"https:\/\/www.malmivaalit.fi\/kuntavaalit2017\/wp-json\/wp\/v2\/posts"}],"about":[{"href":"https:\/\/www.malmivaalit.fi\/kuntavaalit2017\/wp-json\/wp\/v2\/types\/post"}],"author":[{"embeddable":true,"href":"https:\/\/www.malmivaalit.fi\/kuntavaalit2017\/wp-json\/wp\/v2\/users\/1"}],"replies":[{"embeddable":true,"href":"https:\/\/www.malmivaalit.fi\/kuntavaalit2017\/wp-json\/wp\/v2\/comments?post=697"}],"version-history":[{"count":0,"href":"https:\/\/www.malmivaalit.fi\/kuntavaalit2017\/wp-json\/wp\/v2\/posts\/697\/revisions"}],"wp:attachment":[{"href":"https:\/\/www.malmivaalit.fi\/kuntavaalit2017\/wp-json\/wp\/v2\/media?parent=697"}],"wp:term":[{"taxonomy":"category","embeddable":true,"href":"https:\/\/www.malmivaalit.fi\/kuntavaalit2017\/wp-json\/wp\/v2\/categories?post=697"},{"taxonomy":"post_tag","embeddable":true,"href":"https:\/\/www.malmivaalit.fi\/kuntavaalit2017\/wp-json\/wp\/v2\/tags?post=697"},{"taxonomy":"puolue","embeddable":true,"href":"https:\/\/www.malmivaalit.fi\/kuntavaalit2017\/wp-json\/wp\/v2\/puolue?post=697"},{"taxonomy":"kyselyvastaus","embeddable":true,"href":"https:\/\/www.malmivaalit.fi\/kuntavaalit2017\/wp-json\/wp\/v2\/kyselyvastaus?post=697"},{"taxonomy":"kunta","embeddable":true,"href":"https:\/\/www.malmivaalit.fi\/kuntavaalit2017\/wp-json\/wp\/v2\/kunta?post=697"}],"curies":[{"name":"wp","href":"https:\/\/api.w.org\/{rel}","templated":true}]}}