{"id":724,"date":"2017-03-10T00:05:50","date_gmt":"2017-03-09T22:05:50","guid":{"rendered":"https:\/\/www.malmivaalit.fi\/kuntavaalit2017\/paul-taimitarha\/"},"modified":"2017-03-29T12:22:10","modified_gmt":"2017-03-29T09:22:10","slug":"paul-taimitarha","status":"publish","type":"post","link":"https:\/\/www.malmivaalit.fi\/kuntavaalit2017\/paul-taimitarha\/","title":{"rendered":"Paul Taimitarha"},"content":{"rendered":"<p>Perusteluni ovat:<br \/>\n&#8211; Helsingiss\u00e4 riitt\u00e4\u00e4 maata muutenkin ja tilaa yl\u00f6sp\u00e4in<br \/>\n&#8211; Jos Malmi rakennetaan niin mahdollisuus on sitten menetetty ikiajoiksi. Ja mahdollisuudella tarkoitan m.m ett\u00e4 nykyisen k\u00e4yt\u00f6n lis\u00e4ksi t\u00e4llainen citylentokentt\u00e4 voi olla erinomaisen arvokas ja hieno asia &#8211; Ilmailu muuttuu ja kukaan ei tied\u00e4 mink\u00e4laisia tiloja ja puitteita tarvitaan jonain p\u00e4iv\u00e4n\u00e4 tulevaisuudessa &#8211; kent\u00e4st\u00e4 voi kehitty\u00e4 vaikka mink\u00e4lainen ilmaliikenteen keskus<br \/>\n&#8211; Nykyk\u00e4ytt\u00f6<\/p>\n","protected":false},"excerpt":{"rendered":"<p>Perusteluni ovat: &#8211; Helsingiss\u00e4 riitt\u00e4\u00e4 maata muutenkin ja tilaa yl\u00f6sp\u00e4in &#8211; Jos Malmi rakennetaan niin mahdollisuus on sitten menetetty ikiajoiksi. Ja mahdollisuudella tarkoitan m.m ett\u00e4 nykyisen k\u00e4yt\u00f6n lis\u00e4ksi t\u00e4llainen citylentokentt\u00e4 voi olla erinomaisen arvokas ja hieno asia &#8211; Ilmailu muuttuu ja kukaan ei tied\u00e4 mink\u00e4laisia tiloja ja puitteita tarvitaan jonain p\u00e4iv\u00e4n\u00e4 tulevaisuudessa &#8211; kent\u00e4st\u00e4 voi &hellip; <a href=\"https:\/\/www.malmivaalit.fi\/kuntavaalit2017\/paul-taimitarha\/\" class=\"more-link\">Continue reading <span class=\"screen-reader-text\">Paul Taimitarha<\/span><\/a><\/p>\n","protected":false},"author":1,"featured_media":0,"comment_status":"closed","ping_status":"open","sticky":false,"template":"","format":"standard","meta":{"footnotes":""},"categories":[1],"tags":[],"puolue":[26],"kyselyvastaus":[21],"kunta":[27],"_links":{"self":[{"href":"https:\/\/www.malmivaalit.fi\/kuntavaalit2017\/wp-json\/wp\/v2\/posts\/724"}],"collection":[{"href":"https:\/\/www.malmivaalit.fi\/kuntavaalit2017\/wp-json\/wp\/v2\/posts"}],"about":[{"href":"https:\/\/www.malmivaalit.fi\/kuntavaalit2017\/wp-json\/wp\/v2\/types\/post"}],"author":[{"embeddable":true,"href":"https:\/\/www.malmivaalit.fi\/kuntavaalit2017\/wp-json\/wp\/v2\/users\/1"}],"replies":[{"embeddable":true,"href":"https:\/\/www.malmivaalit.fi\/kuntavaalit2017\/wp-json\/wp\/v2\/comments?post=724"}],"version-history":[{"count":0,"href":"https:\/\/www.malmivaalit.fi\/kuntavaalit2017\/wp-json\/wp\/v2\/posts\/724\/revisions"}],"wp:attachment":[{"href":"https:\/\/www.malmivaalit.fi\/kuntavaalit2017\/wp-json\/wp\/v2\/media?parent=724"}],"wp:term":[{"taxonomy":"category","embeddable":true,"href":"https:\/\/www.malmivaalit.fi\/kuntavaalit2017\/wp-json\/wp\/v2\/categories?post=724"},{"taxonomy":"post_tag","embeddable":true,"href":"https:\/\/www.malmivaalit.fi\/kuntavaalit2017\/wp-json\/wp\/v2\/tags?post=724"},{"taxonomy":"puolue","embeddable":true,"href":"https:\/\/www.malmivaalit.fi\/kuntavaalit2017\/wp-json\/wp\/v2\/puolue?post=724"},{"taxonomy":"kyselyvastaus","embeddable":true,"href":"https:\/\/www.malmivaalit.fi\/kuntavaalit2017\/wp-json\/wp\/v2\/kyselyvastaus?post=724"},{"taxonomy":"kunta","embeddable":true,"href":"https:\/\/www.malmivaalit.fi\/kuntavaalit2017\/wp-json\/wp\/v2\/kunta?post=724"}],"curies":[{"name":"wp","href":"https:\/\/api.w.org\/{rel}","templated":true}]}}