{"id":757,"date":"2017-03-10T00:07:37","date_gmt":"2017-03-09T22:07:37","guid":{"rendered":"https:\/\/www.malmivaalit.fi\/kuntavaalit2017\/veronika-honkasalo\/"},"modified":"2017-04-01T12:38:32","modified_gmt":"2017-04-01T09:38:32","slug":"veronika-honkasalo","status":"publish","type":"post","link":"https:\/\/www.malmivaalit.fi\/kuntavaalit2017\/veronika-honkasalo\/","title":{"rendered":"Veronika Honkasalo"},"content":{"rendered":"<p>Vasemmistoliitto on systemaattisesti jo monen valtuustoryhm\u00e4n ajan \u00e4\u00e4nest\u00e4nyt Malmin rakentamisen puolesta. Ja t\u00e4st\u00e4 on my\u00f6s p\u00e4\u00e4tetty kun Yleiskaava hyv\u00e4ksyttiin. My\u00f6s valtuusto on \u00e4\u00e4nest\u00e4nyt asiasta viime vuonna monta kertaa, ja Malmin rakentaminen on aina saanut enemmist\u00f6n. Eli kantani on t\u00e4ss\u00e4 kysymyksess\u00e4 selv\u00e4.<\/p>\n","protected":false},"excerpt":{"rendered":"<p>Vasemmistoliitto on systemaattisesti jo monen valtuustoryhm\u00e4n ajan \u00e4\u00e4nest\u00e4nyt Malmin rakentamisen puolesta. Ja t\u00e4st\u00e4 on my\u00f6s p\u00e4\u00e4tetty kun Yleiskaava hyv\u00e4ksyttiin. My\u00f6s valtuusto on \u00e4\u00e4nest\u00e4nyt asiasta viime vuonna monta kertaa, ja Malmin rakentaminen on aina saanut enemmist\u00f6n. Eli kantani on t\u00e4ss\u00e4 kysymyksess\u00e4 selv\u00e4.<\/p>\n","protected":false},"author":1,"featured_media":0,"comment_status":"closed","ping_status":"open","sticky":false,"template":"","format":"standard","meta":{"footnotes":""},"categories":[1],"tags":[],"puolue":[28],"kyselyvastaus":[22],"kunta":[27],"_links":{"self":[{"href":"https:\/\/www.malmivaalit.fi\/kuntavaalit2017\/wp-json\/wp\/v2\/posts\/757"}],"collection":[{"href":"https:\/\/www.malmivaalit.fi\/kuntavaalit2017\/wp-json\/wp\/v2\/posts"}],"about":[{"href":"https:\/\/www.malmivaalit.fi\/kuntavaalit2017\/wp-json\/wp\/v2\/types\/post"}],"author":[{"embeddable":true,"href":"https:\/\/www.malmivaalit.fi\/kuntavaalit2017\/wp-json\/wp\/v2\/users\/1"}],"replies":[{"embeddable":true,"href":"https:\/\/www.malmivaalit.fi\/kuntavaalit2017\/wp-json\/wp\/v2\/comments?post=757"}],"version-history":[{"count":0,"href":"https:\/\/www.malmivaalit.fi\/kuntavaalit2017\/wp-json\/wp\/v2\/posts\/757\/revisions"}],"wp:attachment":[{"href":"https:\/\/www.malmivaalit.fi\/kuntavaalit2017\/wp-json\/wp\/v2\/media?parent=757"}],"wp:term":[{"taxonomy":"category","embeddable":true,"href":"https:\/\/www.malmivaalit.fi\/kuntavaalit2017\/wp-json\/wp\/v2\/categories?post=757"},{"taxonomy":"post_tag","embeddable":true,"href":"https:\/\/www.malmivaalit.fi\/kuntavaalit2017\/wp-json\/wp\/v2\/tags?post=757"},{"taxonomy":"puolue","embeddable":true,"href":"https:\/\/www.malmivaalit.fi\/kuntavaalit2017\/wp-json\/wp\/v2\/puolue?post=757"},{"taxonomy":"kyselyvastaus","embeddable":true,"href":"https:\/\/www.malmivaalit.fi\/kuntavaalit2017\/wp-json\/wp\/v2\/kyselyvastaus?post=757"},{"taxonomy":"kunta","embeddable":true,"href":"https:\/\/www.malmivaalit.fi\/kuntavaalit2017\/wp-json\/wp\/v2\/kunta?post=757"}],"curies":[{"name":"wp","href":"https:\/\/api.w.org\/{rel}","templated":true}]}}